{"id":2228,"date":"2026-03-09T10:32:48","date_gmt":"2026-03-09T09:32:48","guid":{"rendered":"https:\/\/www.proges.com\/?p=2228"},"modified":"2026-03-09T10:38:27","modified_gmt":"2026-03-09T09:38:27","slug":"digital-cleanup-day-2026","status":"publish","type":"post","link":"https:\/\/www.proges.com\/fr\/digital-cleanup-day-2026\/","title":{"rendered":"Digital Cleanup Day 2026 : Proges Plus passe \u00e0 l&rsquo;action pour la 3\u00e8me ann\u00e9e cons\u00e9cutive"},"content":{"rendered":"\t\t<div data-elementor-type=\"wp-post\" data-elementor-id=\"2228\" class=\"elementor elementor-2228\" data-elementor-post-type=\"post\">\n\t\t\t\t<div class=\"elementor-element elementor-element-788ff94 e-flex e-con-boxed e-con e-parent\" data-id=\"788ff94\" data-element_type=\"container\" data-e-type=\"container\">\n\t\t\t\t\t<div class=\"e-con-inner\">\n\t\t<div class=\"elementor-element elementor-element-22cd2fc e-con-full e-flex e-con e-child\" data-id=\"22cd2fc\" data-element_type=\"container\" data-e-type=\"container\">\n\t\t\t\t<div class=\"elementor-element elementor-element-5d23a1f elementor-widget elementor-widget-image\" data-id=\"5d23a1f\" data-element_type=\"widget\" data-e-type=\"widget\" data-widget_type=\"image.default\">\n\t\t\t\t<div class=\"elementor-widget-container\">\n\t\t\t\t\t\t\t\t\t\t\t\t\t\t\t<img fetchpriority=\"high\" decoding=\"async\" width=\"1810\" height=\"2560\" src=\"https:\/\/www.proges.com\/wp-content\/uploads\/2026\/03\/Affiche-Digital-Cleanup-Day-2026-scaled.jpg\" class=\"attachment-full size-full wp-image-2229\" alt=\"Digital Cleanup Day 2026\" srcset=\"https:\/\/www.proges.com\/wp-content\/uploads\/2026\/03\/Affiche-Digital-Cleanup-Day-2026-scaled.jpg 1810w, https:\/\/www.proges.com\/wp-content\/uploads\/2026\/03\/Affiche-Digital-Cleanup-Day-2026-212x300.jpg 212w, https:\/\/www.proges.com\/wp-content\/uploads\/2026\/03\/Affiche-Digital-Cleanup-Day-2026-1200x1697.jpg 1200w, https:\/\/www.proges.com\/wp-content\/uploads\/2026\/03\/Affiche-Digital-Cleanup-Day-2026-768x1086.jpg 768w, https:\/\/www.proges.com\/wp-content\/uploads\/2026\/03\/Affiche-Digital-Cleanup-Day-2026-1086x1536.jpg 1086w, https:\/\/www.proges.com\/wp-content\/uploads\/2026\/03\/Affiche-Digital-Cleanup-Day-2026-1448x2048.jpg 1448w\" sizes=\"(max-width: 1810px) 100vw, 1810px\" \/>\t\t\t\t\t\t\t\t\t\t\t\t\t\t\t<\/div>\n\t\t\t\t<\/div>\n\t\t\t\t<\/div>\n\t\t<div class=\"elementor-element elementor-element-9c8fb48 e-con-full e-flex e-con e-child\" data-id=\"9c8fb48\" data-element_type=\"container\" data-e-type=\"container\">\n\t\t\t\t<div class=\"elementor-element elementor-element-aa361c2 elementor-widget elementor-widget-text-editor\" data-id=\"aa361c2\" data-element_type=\"widget\" data-e-type=\"widget\" data-widget_type=\"text-editor.default\">\n\t\t\t\t<div class=\"elementor-widget-container\">\n\t\t\t\t\t\t\t\t\t<p><span style=\"color: #182750; font-size: 20px;\"><strong>Du 16 au 21 mars 2026, Proges Plus participe pour la troisi\u00e8me ann\u00e9e cons\u00e9cutive au Digital Cleanup Day.<\/strong>&nbsp;<\/span><\/p>\n<p><span style=\"color: #182750;\">Nos \u00e9quipes de Lille, Lyon et Nantes se mobilisent autour de deux actions concr\u00e8tes : le tri de nos donn\u00e9es num\u00e9riques et le recyclage de notre mat\u00e9riel informatique. Une d\u00e9marche coh\u00e9rente avec notre engagement durable en faveur d&rsquo;un num\u00e9rique plus responsable.<\/span><\/p>\n<h3><span style=\"color: #182750;\">Le Digital Cleanup Day, c&rsquo;est quoi ?&nbsp;<\/span><\/h3>\n<p><span style=\"color: #182750;\"><b>Le Digital Cleanup Day est une action mondiale de sensibilisation \u00e0 l&#8217;empreinte environnementale du num\u00e9rique, organis\u00e9e chaque ann\u00e9e en mars. <\/b>Son objectif : g\u00e9n\u00e9rer une prise de conscience sur la pollution num\u00e9rique et inciter particuliers, entreprises, \u00e9coles et associations \u00e0 agir concr\u00e8tement.<\/span><\/p>\n<p><span style=\"color: #182750;\">Car le num\u00e9rique n&rsquo;est pas immat\u00e9riel. Aujourd&rsquo;hui, les technologies de l&rsquo;information et de la communication repr\u00e9sentent pr\u00e8s de 4 % des \u00e9missions mondiales de gaz \u00e0 effet de serre,&nbsp;<a style=\"color: #182750;\" href=\"https:\/\/digital-cleanup-day.fr\/la-pollution-liee-au-numerique\/\" target=\"_blank\" rel=\"noopener\"><u>un chiffre en augmentation<\/u><\/a>.<\/span><\/p>\n<p><span style=\"color: #182750;\">Cet impact se d\u00e9ploie \u00e0 chaque \u00e9tape du cycle de vie des \u00e9quipements : fabrication, transport, utilisation et fin de vie. Et nos usages quotidiens y contribuent directement : le stockage excessif de donn\u00e9es alourdit nos appareils, les ralentit, r\u00e9duit leur dur\u00e9e de vie\u2026 et nous pousse \u00e0 les remplacer plus souvent.<\/span><\/p>\n<p><span style=\"color: #182750;\">Deux gestes simples permettent d&rsquo;agir : nettoyer ses donn\u00e9es num\u00e9riques et donner une seconde vie (ou recycler) ses \u00e9quipements. C&rsquo;est pr\u00e9cis\u00e9ment ce que nous faisons cette semaine.<\/span><\/p>\t\t\t\t\t\t\t\t<\/div>\n\t\t\t\t<\/div>\n\t\t\t\t<\/div>\n\t\t\t\t\t<\/div>\n\t\t\t\t<\/div>\n\t\t<div class=\"elementor-element elementor-element-544c239 e-flex e-con-boxed e-con e-parent\" data-id=\"544c239\" data-element_type=\"container\" data-e-type=\"container\">\n\t\t\t\t\t<div class=\"e-con-inner\">\n\t\t\t\t<div class=\"elementor-element elementor-element-7247b06 elementor-widget elementor-widget-text-editor\" data-id=\"7247b06\" data-element_type=\"widget\" data-e-type=\"widget\" data-widget_type=\"text-editor.default\">\n\t\t\t\t<div class=\"elementor-widget-container\">\n\t\t\t\t\t\t\t\t\t<h3>Nos deux actions concr\u00e8tes en 2026<\/h3>\t\t\t\t\t\t\t\t<\/div>\n\t\t\t\t<\/div>\n\t\t\t\t<div class=\"elementor-element elementor-element-fcdcd85 elementor-widget elementor-widget-image\" data-id=\"fcdcd85\" data-element_type=\"widget\" data-e-type=\"widget\" data-widget_type=\"image.default\">\n\t\t\t\t<div class=\"elementor-widget-container\">\n\t\t\t\t\t\t\t\t\t\t\t\t\t\t\t<img decoding=\"async\" src=\"https:\/\/www.proges.com\/wp-content\/uploads\/elementor\/thumbs\/Logo-Digital-Cleanup-Day-2026-scaled-rk8xv3fagfrtzacp465dvcgipfcy3iz5brwc6uwrm8.png\" title=\"Logo Digital Cleanup Day 2026\" alt=\"Logo Digital Cleanup Day\" loading=\"lazy\" \/>\t\t\t\t\t\t\t\t\t\t\t\t\t\t\t<\/div>\n\t\t\t\t<\/div>\n\t\t\t\t<div class=\"elementor-element elementor-element-645b6e2 elementor-widget elementor-widget-text-editor\" data-id=\"645b6e2\" data-element_type=\"widget\" data-e-type=\"widget\" data-widget_type=\"text-editor.default\">\n\t\t\t\t<div class=\"elementor-widget-container\">\n\t\t\t\t\t\t\t\t\t<h4>1. Le tri de nos donn\u00e9es &#8211; Digital Cleanup Donn\u00e9es<\/h4><p>Bo\u00eetes mail surcharg\u00e9es, doublons de fichiers, documents obsol\u00e8tes, dossiers partag\u00e9s devenus des fourre-tout\u2026 Dans toute entreprise, les donn\u00e9es inutiles s&rsquo;accumulent au fil du temps, occupant de l&rsquo;espace de stockage pour rien, et donc consommant de l&rsquo;\u00e9nergie pour rien.<\/p><p>\u00c0 l&rsquo;occasion du Digital Cleanup Day, nos collaborateurs sont invit\u00e9s \u00e0 faire le m\u00e9nage dans leurs espaces num\u00e9riques :<\/p><ul><li>Suppression des e-mails inutiles et des pi\u00e8ces jointes volumineuses.<\/li><li>Nettoyage des dossiers de t\u00e9l\u00e9chargements et des fichiers temporaires.<\/li><li>Suppression des doublons et des versions obsol\u00e8tes de documents.<\/li><li>R\u00e9organisation des espaces de stockage partag\u00e9s.<\/li><\/ul><p>Un geste simple, mais dont l&rsquo;impact collectif est r\u00e9el.<\/p><h4>2. Le recyclage de notre mat\u00e9riel informatique<\/h4><p>Combien d&rsquo;\u00e9quipements num\u00e9riques dorment dans les tiroirs de nos bureaux, inutilis\u00e9s mais pas encore jet\u00e9s ? Smartphones, claviers , disques durs externalis\u00e9s, c\u00e2bles orphelins\u2026 Ces \u00e9quipements repr\u00e9sentent des d\u00e9chets \u00e9lectroniques (DEEE) potentiels qui, mal trait\u00e9s, lib\u00e8rent des substances toxiques dans l&rsquo;environnement.<\/p><p>Dans nos agences de Lille, Lyon et Nantes, nous organisons une collecte de ce mat\u00e9riel. L&rsquo;objectif : ne pas laisser ces \u00e9quipements finir en d\u00e9charge, mais les orienter vers des circuits adapt\u00e9s qui en valorisent les composants ou leur trouvent une nouvelle utilit\u00e9.<\/p>\t\t\t\t\t\t\t\t<\/div>\n\t\t\t\t<\/div>\n\t\t\t\t<div class=\"elementor-element elementor-element-3d73a9c elementor-widget elementor-widget-heading\" data-id=\"3d73a9c\" data-element_type=\"widget\" data-e-type=\"widget\" data-widget_type=\"heading.default\">\n\t\t\t\t<div class=\"elementor-widget-container\">\n\t\t\t\t\t<h3 class=\"elementor-heading-title elementor-size-default\">Un engagement qui s'inscrit dans une d\u00e9marche globale<\/h3>\t\t\t\t<\/div>\n\t\t\t\t<\/div>\n\t\t\t\t<div class=\"elementor-element elementor-element-9a31642 elementor-widget elementor-widget-text-editor\" data-id=\"9a31642\" data-element_type=\"widget\" data-e-type=\"widget\" data-widget_type=\"text-editor.default\">\n\t\t\t\t<div class=\"elementor-widget-container\">\n\t\t\t\t\t\t\t\t\t<p><span style=\"color: #182750;\"><strong>Notre participation au Digital Cleanup Day s&rsquo;inscrit dans une d\u00e9marche structur\u00e9e en faveur d&rsquo;un num\u00e9rique plus responsable que nous menons depuis plusieurs ann\u00e9es.<\/strong><\/span><\/p>\n<p><span style=\"color: #182750;\">En 2024, nous avons r\u00e9alis\u00e9 notre premier bilan carbone, une \u00e9tape fondatrice. Il en ressort que 90 % de nos \u00e9missions de gaz \u00e0 effet de serre se concentrent sur quatre postes, dont l&rsquo;utilisation du mat\u00e9riel informatique. Cette analyse nous a permis d&rsquo;identifier des axes de travail concrets, parmi lesquels :<\/span><\/p>\n<ul>\n<li><span style=\"color: #182750;\">L&rsquo;am\u00e9lioration de notre politique d&rsquo;achats responsables.<\/span><\/li>\n<li><span style=\"color: #182750;\">Le d\u00e9veloppement des bonnes pratiques Num\u00e9rique Responsable au quotidien.<\/span><\/li>\n<li><span style=\"color: #182750;\">Le d\u00e9veloppement d&rsquo;offres bas carbone pour nos clients.<\/span><\/li>\n<li><span style=\"color: #182750;\">L&rsquo;am\u00e9lioration de la mobilit\u00e9 de nos collaborateurs.<\/span><\/li>\n<\/ul>\n<p><span style=\"color: #182750;\">Par ailleurs, l&rsquo;ensemble de nos collaborateurs a pu se former au Num\u00e9rique Responsable gr\u00e2ce au&nbsp;<a style=\"color: #182750;\" href=\"https:\/\/www.academie-nr.org\/\" target=\"_blank\" rel=\"noopener\"><u>MOOC de l&rsquo;Institut du Num\u00e9rique Responsable (INR),<\/u><\/a> une formation de 4h30 accessible \u00e0 tous, qui pose les bases d&rsquo;un changement de paradigme \u00e0 grande \u00e9chelle.<\/span><\/p>\n<p><span style=\"color: #182750;\">Nous disposons \u00e9galement, au sein de notre \u00e9quipe lilloise, d&rsquo;un collaborateur certifi\u00e9 pour r\u00e9aliser des bilans carbone en autonomie, une expertise pr\u00e9cieuse pour poursuivre nos projets de d\u00e9carbonation dans la dur\u00e9e.<\/span><\/p>\t\t\t\t\t\t\t\t<\/div>\n\t\t\t\t<\/div>\n\t\t\t\t<div class=\"elementor-element elementor-element-b6c129f elementor-widget elementor-widget-heading\" data-id=\"b6c129f\" data-element_type=\"widget\" data-e-type=\"widget\" data-widget_type=\"heading.default\">\n\t\t\t\t<div class=\"elementor-widget-container\">\n\t\t\t\t\t<h3 class=\"elementor-heading-title elementor-size-default\">Pourquoi est-ce important pour une entreprise du num\u00e9rique ?<\/h3>\t\t\t\t<\/div>\n\t\t\t\t<\/div>\n\t\t\t\t<div class=\"elementor-element elementor-element-9510ecd elementor-widget elementor-widget-text-editor\" data-id=\"9510ecd\" data-element_type=\"widget\" data-e-type=\"widget\" data-widget_type=\"text-editor.default\">\n\t\t\t\t<div class=\"elementor-widget-container\">\n\t\t\t\t\t\t\t\t\t<p><span style=\"color: #182750;\"><strong>Chez Proges Plus, le num\u00e9rique est au c\u0153ur de nos m\u00e9tiers : <a style=\"color: #182750;\" href=\"https:\/\/www.synoptic-erp.com\/fr\/\" target=\"_blank\" rel=\"noopener\"><u>ERP<\/u><\/a>, <a style=\"color: #182750;\" href=\"https:\/\/synoriel.com\/\" target=\"_blank\" rel=\"noopener\"><u>SIRH<\/u><\/a>, <a style=\"color: #182750;\" href=\"https:\/\/www.blue-serve.com\/\" target=\"_blank\" rel=\"noopener\"><u>infog\u00e9rance et cybers\u00e9curit\u00e9<\/u><\/a>, <a style=\"color: #182750;\" href=\"https:\/\/www.plugandtrack.com\/fr\/\" target=\"_blank\" rel=\"noopener\"><u>tra\u00e7abilit\u00e9 de param\u00e8tres environnementaux<\/u><\/a>.<\/strong> Nous savons mieux que quiconque \u00e0 quel point les technologies peuvent \u00eatre des leviers de performance. Mais cette position nous oblige aussi \u00e0 en mesurer l&rsquo;impact et \u00e0 montrer l&rsquo;exemple.<\/span><\/p><p><span style=\"color: #182750;\">La d\u00e9marche Num\u00e9rique Responsable n&rsquo;est pas en contradiction avec la performance : elle la compl\u00e8te. Allonger la dur\u00e9e de vie de nos \u00e9quipements, r\u00e9duire nos donn\u00e9es inutiles, former nos \u00e9quipes \u00e0 des pratiques plus sobres\u2026 ce sont autant de gestes qui ont du sens \u00e9conomiquement, humainement et environnementalement.<\/span><\/p><p><span style=\"color: #182750;\">Participer au Digital Cleanup Day trois ann\u00e9es de suite, c&rsquo;est aussi envoyer un signal clair \u00e0 nos clients, partenaires et collaborateurs : notre engagement ne se limite pas \u00e0 une communication ponctuelle. Il se traduit par des actions concr\u00e8tes, r\u00e9guli\u00e8res, et mesurables.<\/span><\/p>\t\t\t\t\t\t\t\t<\/div>\n\t\t\t\t<\/div>\n\t\t\t\t<div class=\"elementor-element elementor-element-d8932aa elementor-widget elementor-widget-heading\" data-id=\"d8932aa\" data-element_type=\"widget\" data-e-type=\"widget\" data-widget_type=\"heading.default\">\n\t\t\t\t<div class=\"elementor-widget-container\">\n\t\t\t\t\t<h3 class=\"elementor-heading-title elementor-size-default\">Vous aussi, participez au Digital Cleanup Day !<\/h3>\t\t\t\t<\/div>\n\t\t\t\t<\/div>\n\t\t\t\t<div class=\"elementor-element elementor-element-79e1cf7 elementor-widget elementor-widget-text-editor\" data-id=\"79e1cf7\" data-element_type=\"widget\" data-e-type=\"widget\" data-widget_type=\"text-editor.default\">\n\t\t\t\t<div class=\"elementor-widget-container\">\n\t\t\t\t\t\t\t\t\t<p><span style=\"color: #182750;\">Le Digital Cleanup Day est ouvert \u00e0 tous : particuliers, associations, collectivit\u00e9s et entreprises. Si vous souhaitez organiser votre propre action, toutes les ressources sont disponibles sur le site officiel.<\/span><\/p>\t\t\t\t\t\t\t\t<\/div>\n\t\t\t\t<\/div>\n\t\t\t\t<div class=\"elementor-element elementor-element-0b2cd48 elementor-align-center elementor-widget elementor-widget-button\" data-id=\"0b2cd48\" data-element_type=\"widget\" data-e-type=\"widget\" data-widget_type=\"button.default\">\n\t\t\t\t<div class=\"elementor-widget-container\">\n\t\t\t\t\t\t\t\t\t<div class=\"elementor-button-wrapper\">\n\t\t\t\t\t<a class=\"elementor-button elementor-button-link elementor-size-sm\" href=\"https:\/\/digital-cleanup-day.fr\/\" target=\"_blank\">\n\t\t\t\t\t\t<span class=\"elementor-button-content-wrapper\">\n\t\t\t\t\t\t\t\t\t<span class=\"elementor-button-text\">D\u00e9couvrir le Digital Cleanup Day<\/span>\n\t\t\t\t\t<\/span>\n\t\t\t\t\t<\/a>\n\t\t\t\t<\/div>\n\t\t\t\t\t\t\t\t<\/div>\n\t\t\t\t<\/div>\n\t\t\t\t<div class=\"elementor-element elementor-element-0fe9485 elementor-widget elementor-widget-heading\" data-id=\"0fe9485\" data-element_type=\"widget\" data-e-type=\"widget\" data-widget_type=\"heading.default\">\n\t\t\t\t<div class=\"elementor-widget-container\">\n\t\t\t\t\t<h3 class=\"elementor-heading-title elementor-size-default\">D\u00e9couvrez nos autres articles<\/h3>\t\t\t\t<\/div>\n\t\t\t\t<\/div>\n\t\t\t\t<div class=\"elementor-element elementor-element-dbad748 elementor-grid-3 elementor-grid-tablet-2 elementor-grid-mobile-1 elementor-posts--thumbnail-top elementor-card-shadow-yes elementor-posts__hover-gradient elementor-widget elementor-widget-posts\" data-id=\"dbad748\" data-element_type=\"widget\" data-e-type=\"widget\" data-settings=\"{&quot;cards_columns&quot;:&quot;3&quot;,&quot;cards_columns_tablet&quot;:&quot;2&quot;,&quot;cards_columns_mobile&quot;:&quot;1&quot;,&quot;cards_row_gap&quot;:{&quot;unit&quot;:&quot;px&quot;,&quot;size&quot;:35,&quot;sizes&quot;:[]},&quot;cards_row_gap_tablet&quot;:{&quot;unit&quot;:&quot;px&quot;,&quot;size&quot;:&quot;&quot;,&quot;sizes&quot;:[]},&quot;cards_row_gap_mobile&quot;:{&quot;unit&quot;:&quot;px&quot;,&quot;size&quot;:&quot;&quot;,&quot;sizes&quot;:[]}}\" data-widget_type=\"posts.cards\">\n\t\t\t\t<div class=\"elementor-widget-container\">\n\t\t\t\t\t\t\t<div class=\"elementor-posts-container elementor-posts elementor-posts--skin-cards elementor-grid\" role=\"list\">\n\t\t\t\t<article class=\"elementor-post elementor-grid-item post-2228 post type-post status-publish format-standard has-post-thumbnail hentry category-actualites\" role=\"listitem\">\n\t\t\t<div class=\"elementor-post__card\">\n\t\t\t\t<a class=\"elementor-post__thumbnail__link\" href=\"https:\/\/www.proges.com\/fr\/digital-cleanup-day-2026\/\" tabindex=\"-1\" ><div class=\"elementor-post__thumbnail\"><img decoding=\"async\" width=\"300\" height=\"212\" src=\"https:\/\/www.proges.com\/wp-content\/uploads\/2026\/03\/Logo-Digital-Cleanup-Day-2026-300x212.png\" class=\"attachment-medium size-medium wp-image-2233\" alt=\"Logo Digital Cleanup Day\" srcset=\"https:\/\/www.proges.com\/wp-content\/uploads\/2026\/03\/Logo-Digital-Cleanup-Day-2026-300x212.png 300w, https:\/\/www.proges.com\/wp-content\/uploads\/2026\/03\/Logo-Digital-Cleanup-Day-2026-1200x849.png 1200w, https:\/\/www.proges.com\/wp-content\/uploads\/2026\/03\/Logo-Digital-Cleanup-Day-2026-768x543.png 768w, https:\/\/www.proges.com\/wp-content\/uploads\/2026\/03\/Logo-Digital-Cleanup-Day-2026-1536x1086.png 1536w, https:\/\/www.proges.com\/wp-content\/uploads\/2026\/03\/Logo-Digital-Cleanup-Day-2026-2048x1449.png 2048w\" sizes=\"(max-width: 300px) 100vw, 300px\" \/><\/div><\/a>\n\t\t\t\t<div class=\"elementor-post__badge\">Actualit\u00e9s<\/div>\n\t\t\t\t<div class=\"elementor-post__text\">\n\t\t\t\t<h3 class=\"elementor-post__title\">\n\t\t\t<a href=\"https:\/\/www.proges.com\/fr\/digital-cleanup-day-2026\/\" >\n\t\t\t\tDigital Cleanup Day 2026 : Proges Plus passe \u00e0 l&rsquo;action pour la 3\u00e8me ann\u00e9e cons\u00e9cutive\t\t\t<\/a>\n\t\t<\/h3>\n\t\t\t\t<div class=\"elementor-post__excerpt\">\n\t\t\t<p>Du 16 au 21 mars 2026, Proges Plus participe pour la troisi\u00e8me ann\u00e9e cons\u00e9cutive au<\/p>\n\t\t<\/div>\n\t\t\n\t\t<a class=\"elementor-post__read-more\" href=\"https:\/\/www.proges.com\/fr\/digital-cleanup-day-2026\/\" aria-label=\"En savoir plus sur Digital Cleanup Day 2026 : Proges Plus passe \u00e0 l&rsquo;action pour la 3\u00e8me ann\u00e9e cons\u00e9cutive\" tabindex=\"-1\" >\n\t\t\tLire l'article \u00bb\t\t<\/a>\n\n\t\t\t\t<\/div>\n\t\t\t\t<div class=\"elementor-post__meta-data\">\n\t\t\t\t\t<span class=\"elementor-post-date\">\n\t\t\t9 mars 2026\t\t<\/span>\n\t\t\t\t<\/div>\n\t\t\t\t\t<\/div>\n\t\t<\/article>\n\t\t\t\t<article class=\"elementor-post elementor-grid-item post-2204 post type-post status-publish format-standard has-post-thumbnail hentry category-actualites\" role=\"listitem\">\n\t\t\t<div class=\"elementor-post__card\">\n\t\t\t\t<a class=\"elementor-post__thumbnail__link\" href=\"https:\/\/www.proges.com\/fr\/journee-clients-2026-lyon\/\" tabindex=\"-1\" ><div class=\"elementor-post__thumbnail\"><img decoding=\"async\" width=\"300\" height=\"225\" src=\"https:\/\/www.proges.com\/wp-content\/uploads\/2026\/02\/Journee-clients-2026-Lyon-5-300x225.jpg\" class=\"attachment-medium size-medium wp-image-2222\" alt=\"Domaine de Montcelard Lyon\" srcset=\"https:\/\/www.proges.com\/wp-content\/uploads\/2026\/02\/Journee-clients-2026-Lyon-5-300x225.jpg 300w, https:\/\/www.proges.com\/wp-content\/uploads\/2026\/02\/Journee-clients-2026-Lyon-5-768x576.jpg 768w, https:\/\/www.proges.com\/wp-content\/uploads\/2026\/02\/Journee-clients-2026-Lyon-5.jpg 1000w\" sizes=\"(max-width: 300px) 100vw, 300px\" \/><\/div><\/a>\n\t\t\t\t<div class=\"elementor-post__badge\">Actualit\u00e9s<\/div>\n\t\t\t\t<div class=\"elementor-post__text\">\n\t\t\t\t<h3 class=\"elementor-post__title\">\n\t\t\t<a href=\"https:\/\/www.proges.com\/fr\/journee-clients-2026-lyon\/\" >\n\t\t\t\tJourn\u00e9e clients 2026 : un temps d\u2019\u00e9change au plus pr\u00e8s des enjeux de nos clients\t\t\t<\/a>\n\t\t<\/h3>\n\t\t\t\t<div class=\"elementor-post__excerpt\">\n\t\t\t<p>Le 29 janvier 2026, nous avons eu le plaisir de retrouver nos clients au Domaine<\/p>\n\t\t<\/div>\n\t\t\n\t\t<a class=\"elementor-post__read-more\" href=\"https:\/\/www.proges.com\/fr\/journee-clients-2026-lyon\/\" aria-label=\"En savoir plus sur Journ\u00e9e clients 2026 : un temps d\u2019\u00e9change au plus pr\u00e8s des enjeux de nos clients\" tabindex=\"-1\" >\n\t\t\tLire l'article \u00bb\t\t<\/a>\n\n\t\t\t\t<\/div>\n\t\t\t\t<div class=\"elementor-post__meta-data\">\n\t\t\t\t\t<span class=\"elementor-post-date\">\n\t\t\t2 f\u00e9vrier 2026\t\t<\/span>\n\t\t\t\t<\/div>\n\t\t\t\t\t<\/div>\n\t\t<\/article>\n\t\t\t\t<article class=\"elementor-post elementor-grid-item post-2193 post type-post status-publish format-standard has-post-thumbnail hentry category-salons\" role=\"listitem\">\n\t\t\t<div class=\"elementor-post__card\">\n\t\t\t\t<a class=\"elementor-post__thumbnail__link\" href=\"https:\/\/www.proges.com\/fr\/salon-global-industrie-2026-solutions-pme-industrielles\/\" tabindex=\"-1\" ><div class=\"elementor-post__thumbnail\"><img loading=\"lazy\" decoding=\"async\" width=\"300\" height=\"240\" src=\"https:\/\/www.proges.com\/wp-content\/uploads\/2026\/01\/Salon-Global-Industrie-2026-Paris-300x240.jpg\" class=\"attachment-medium size-medium wp-image-2194\" alt=\"Salon Global Industrie 2026 Paris\" srcset=\"https:\/\/www.proges.com\/wp-content\/uploads\/2026\/01\/Salon-Global-Industrie-2026-Paris-300x240.jpg 300w, https:\/\/www.proges.com\/wp-content\/uploads\/2026\/01\/Salon-Global-Industrie-2026-Paris-768x614.jpg 768w, https:\/\/www.proges.com\/wp-content\/uploads\/2026\/01\/Salon-Global-Industrie-2026-Paris.jpg 1000w\" sizes=\"(max-width: 300px) 100vw, 300px\" \/><\/div><\/a>\n\t\t\t\t<div class=\"elementor-post__badge\">Salons<\/div>\n\t\t\t\t<div class=\"elementor-post__text\">\n\t\t\t\t<h3 class=\"elementor-post__title\">\n\t\t\t<a href=\"https:\/\/www.proges.com\/fr\/salon-global-industrie-2026-solutions-pme-industrielles\/\" >\n\t\t\t\tSalon Global Industrie 2026 : des solutions concr\u00e8tes pour les PME industrielles\t\t\t<\/a>\n\t\t<\/h3>\n\t\t\t\t<div class=\"elementor-post__excerpt\">\n\t\t\t<p>Du lundi 30 mars au jeudi 2 avril 2026, Proges Plus participera au salon Global<\/p>\n\t\t<\/div>\n\t\t\n\t\t<a class=\"elementor-post__read-more\" href=\"https:\/\/www.proges.com\/fr\/salon-global-industrie-2026-solutions-pme-industrielles\/\" aria-label=\"En savoir plus sur Salon Global Industrie 2026 : des solutions concr\u00e8tes pour les PME industrielles\" tabindex=\"-1\" >\n\t\t\tLire l'article \u00bb\t\t<\/a>\n\n\t\t\t\t<\/div>\n\t\t\t\t<div class=\"elementor-post__meta-data\">\n\t\t\t\t\t<span class=\"elementor-post-date\">\n\t\t\t23 janvier 2026\t\t<\/span>\n\t\t\t\t<\/div>\n\t\t\t\t\t<\/div>\n\t\t<\/article>\n\t\t\t\t<article class=\"elementor-post elementor-grid-item post-2165 post type-post status-publish format-standard has-post-thumbnail hentry category-actualites\" role=\"listitem\">\n\t\t\t<div class=\"elementor-post__card\">\n\t\t\t\t<a class=\"elementor-post__thumbnail__link\" href=\"https:\/\/www.proges.com\/fr\/certification-iso-27001-cybersecurite\/\" tabindex=\"-1\" ><div class=\"elementor-post__thumbnail\"><img loading=\"lazy\" decoding=\"async\" width=\"300\" height=\"279\" src=\"https:\/\/www.proges.com\/wp-content\/uploads\/2025\/11\/Logo-certification-ISO-27001-300x279.png\" class=\"attachment-medium size-medium wp-image-2166\" alt=\"Logo certification ISO 27001\" srcset=\"https:\/\/www.proges.com\/wp-content\/uploads\/2025\/11\/Logo-certification-ISO-27001-300x279.png 300w, https:\/\/www.proges.com\/wp-content\/uploads\/2025\/11\/Logo-certification-ISO-27001.png 693w\" sizes=\"(max-width: 300px) 100vw, 300px\" \/><\/div><\/a>\n\t\t\t\t<div class=\"elementor-post__badge\">Actualit\u00e9s<\/div>\n\t\t\t\t<div class=\"elementor-post__text\">\n\t\t\t\t<h3 class=\"elementor-post__title\">\n\t\t\t<a href=\"https:\/\/www.proges.com\/fr\/certification-iso-27001-cybersecurite\/\" >\n\t\t\t\tCertification ISO 27001 : Proges Plus renforce la s\u00e9curit\u00e9 et la fiabilit\u00e9 de ses services\t\t\t<\/a>\n\t\t<\/h3>\n\t\t\t\t<div class=\"elementor-post__excerpt\">\n\t\t\t<p>Parce que la s\u00e9curit\u00e9 de vos donn\u00e9es est essentielle \u00e0 votre activit\u00e9 Les entreprises (TPE,<\/p>\n\t\t<\/div>\n\t\t\n\t\t<a class=\"elementor-post__read-more\" href=\"https:\/\/www.proges.com\/fr\/certification-iso-27001-cybersecurite\/\" aria-label=\"En savoir plus sur Certification ISO 27001 : Proges Plus renforce la s\u00e9curit\u00e9 et la fiabilit\u00e9 de ses services\" tabindex=\"-1\" >\n\t\t\tLire l'article \u00bb\t\t<\/a>\n\n\t\t\t\t<\/div>\n\t\t\t\t<div class=\"elementor-post__meta-data\">\n\t\t\t\t\t<span class=\"elementor-post-date\">\n\t\t\t21 novembre 2025\t\t<\/span>\n\t\t\t\t<\/div>\n\t\t\t\t\t<\/div>\n\t\t<\/article>\n\t\t\t\t<article class=\"elementor-post elementor-grid-item post-2151 post type-post status-publish format-standard has-post-thumbnail hentry category-salons\" role=\"listitem\">\n\t\t\t<div class=\"elementor-post__card\">\n\t\t\t\t<a class=\"elementor-post__thumbnail__link\" href=\"https:\/\/www.proges.com\/fr\/salon-sepem-douai-2026-erp-sirh-cybersecurite\/\" tabindex=\"-1\" ><div class=\"elementor-post__thumbnail\"><img loading=\"lazy\" decoding=\"async\" width=\"300\" height=\"240\" src=\"https:\/\/www.proges.com\/wp-content\/uploads\/2025\/11\/IMAGE-DE-POST-SEPEM-Douai-2026-1000x800_H107_1761-300x240.jpg\" class=\"attachment-medium size-medium wp-image-2160\" alt=\"Salon industrie Douai Nord\" srcset=\"https:\/\/www.proges.com\/wp-content\/uploads\/2025\/11\/IMAGE-DE-POST-SEPEM-Douai-2026-1000x800_H107_1761-300x240.jpg 300w, https:\/\/www.proges.com\/wp-content\/uploads\/2025\/11\/IMAGE-DE-POST-SEPEM-Douai-2026-1000x800_H107_1761-1200x960.jpg 1200w, https:\/\/www.proges.com\/wp-content\/uploads\/2025\/11\/IMAGE-DE-POST-SEPEM-Douai-2026-1000x800_H107_1761-768x614.jpg 768w, https:\/\/www.proges.com\/wp-content\/uploads\/2025\/11\/IMAGE-DE-POST-SEPEM-Douai-2026-1000x800_H107_1761-1536x1229.jpg 1536w, https:\/\/www.proges.com\/wp-content\/uploads\/2025\/11\/IMAGE-DE-POST-SEPEM-Douai-2026-1000x800_H107_1761.jpg 2000w\" sizes=\"(max-width: 300px) 100vw, 300px\" \/><\/div><\/a>\n\t\t\t\t<div class=\"elementor-post__badge\">Salons<\/div>\n\t\t\t\t<div class=\"elementor-post__text\">\n\t\t\t\t<h3 class=\"elementor-post__title\">\n\t\t\t<a href=\"https:\/\/www.proges.com\/fr\/salon-sepem-douai-2026-erp-sirh-cybersecurite\/\" >\n\t\t\t\tSalon SEPEM Douai 2026 : retrouvez Proges Plus du 27 au 29 janvier, stand H107\t\t\t<\/a>\n\t\t<\/h3>\n\t\t\t\t<div class=\"elementor-post__excerpt\">\n\t\t\t<p>Le salon SEPEM Industries Douai 2026 revient du 27 au 29 janvier 2026 au Parc<\/p>\n\t\t<\/div>\n\t\t\n\t\t<a class=\"elementor-post__read-more\" href=\"https:\/\/www.proges.com\/fr\/salon-sepem-douai-2026-erp-sirh-cybersecurite\/\" aria-label=\"En savoir plus sur Salon SEPEM Douai 2026 : retrouvez Proges Plus du 27 au 29 janvier, stand H107\" tabindex=\"-1\" >\n\t\t\tLire l'article \u00bb\t\t<\/a>\n\n\t\t\t\t<\/div>\n\t\t\t\t<div class=\"elementor-post__meta-data\">\n\t\t\t\t\t<span class=\"elementor-post-date\">\n\t\t\t18 novembre 2025\t\t<\/span>\n\t\t\t\t<\/div>\n\t\t\t\t\t<\/div>\n\t\t<\/article>\n\t\t\t\t<article class=\"elementor-post elementor-grid-item post-2121 post type-post status-publish format-standard has-post-thumbnail hentry category-actualites\" role=\"listitem\">\n\t\t\t<div class=\"elementor-post__card\">\n\t\t\t\t<a class=\"elementor-post__thumbnail__link\" href=\"https:\/\/www.proges.com\/fr\/lancement-site-sirh-synoriel\/\" tabindex=\"-1\" ><div class=\"elementor-post__thumbnail\"><img loading=\"lazy\" decoding=\"async\" width=\"300\" height=\"238\" src=\"https:\/\/www.proges.com\/wp-content\/uploads\/2025\/04\/Synoriel-SIRH-e1744634992920-300x238.png\" class=\"attachment-medium size-medium wp-image-2126\" alt=\"Synoriel SIRH\" srcset=\"https:\/\/www.proges.com\/wp-content\/uploads\/2025\/04\/Synoriel-SIRH-e1744634992920-300x238.png 300w, https:\/\/www.proges.com\/wp-content\/uploads\/2025\/04\/Synoriel-SIRH-e1744634992920.png 500w\" sizes=\"(max-width: 300px) 100vw, 300px\" \/><\/div><\/a>\n\t\t\t\t<div class=\"elementor-post__badge\">Actualit\u00e9s<\/div>\n\t\t\t\t<div class=\"elementor-post__text\">\n\t\t\t\t<h3 class=\"elementor-post__title\">\n\t\t\t<a href=\"https:\/\/www.proges.com\/fr\/lancement-site-sirh-synoriel\/\" >\n\t\t\t\tSIRH Synoriel : nouveau site web !\t\t\t<\/a>\n\t\t<\/h3>\n\t\t\t\t<div class=\"elementor-post__excerpt\">\n\t\t\t<p>D\u00e9couvrez notre SIRH d\u00e9di\u00e9 aux PME et collectivit\u00e9s sur un tout nouveau site : modules,<\/p>\n\t\t<\/div>\n\t\t\n\t\t<a class=\"elementor-post__read-more\" href=\"https:\/\/www.proges.com\/fr\/lancement-site-sirh-synoriel\/\" aria-label=\"En savoir plus sur SIRH Synoriel : nouveau site web !\" tabindex=\"-1\" >\n\t\t\tLire l'article \u00bb\t\t<\/a>\n\n\t\t\t\t<\/div>\n\t\t\t\t<div class=\"elementor-post__meta-data\">\n\t\t\t\t\t<span class=\"elementor-post-date\">\n\t\t\t14 avril 2025\t\t<\/span>\n\t\t\t\t<\/div>\n\t\t\t\t\t<\/div>\n\t\t<\/article>\n\t\t\t\t<\/div>\n\t\t\n\t\t\t\t\t\t<\/div>\n\t\t\t\t<\/div>\n\t\t\t\t\t<\/div>\n\t\t\t\t<\/div>\n\t\t\t\t<\/div>\n\t\t","protected":false},"excerpt":{"rendered":"<p>Du 16 au 21 mars 2026, Proges Plus participe pour la troisi\u00e8me ann\u00e9e cons\u00e9cutive au&#8230;<\/p>\n","protected":false},"author":7,"featured_media":2233,"comment_status":"open","ping_status":"open","sticky":false,"template":"","format":"standard","meta":{"_acf_changed":false,"footnotes":""},"categories":[20],"tags":[],"class_list":["post-2228","post","type-post","status-publish","format-standard","has-post-thumbnail","hentry","category-actualites"],"acf":[],"yoast_head":"<!-- This site is optimized with the Yoast SEO Premium plugin v15.0 - https:\/\/yoast.com\/wordpress\/plugins\/seo\/ -->\n<title>Digital Cleanup Day 2026 : Proges Plus passe \u00e0 l&#039;action<\/title>\n<meta name=\"description\" content=\"Pour la 3\u00e8me ann\u00e9e cons\u00e9cutive, Proges Plus participe au Digital Cleanup Day : tri des donn\u00e9es et recyclage du mat\u00e9riel dans nos agences de Lille, Lyon et Nantes.\" \/>\n<meta name=\"robots\" content=\"index, follow, max-snippet:-1, max-image-preview:large, max-video-preview:-1\" \/>\n<link rel=\"canonical\" href=\"https:\/\/www.proges.com\/fr\/digital-cleanup-day-2026\/\" \/>\n<meta property=\"og:locale\" content=\"fr_FR\" \/>\n<meta property=\"og:type\" content=\"article\" \/>\n<meta property=\"og:title\" content=\"Digital Cleanup Day 2026 : Proges Plus passe \u00e0 l&#039;action\" \/>\n<meta property=\"og:description\" content=\"Pour la 3\u00e8me ann\u00e9e cons\u00e9cutive, Proges Plus participe au Digital Cleanup Day : tri des donn\u00e9es et recyclage du mat\u00e9riel dans nos agences de Lille, Lyon et Nantes.\" \/>\n<meta property=\"og:url\" content=\"https:\/\/www.proges.com\/fr\/digital-cleanup-day-2026\/\" \/>\n<meta property=\"og:site_name\" content=\"Proges Plus\" \/>\n<meta property=\"article:published_time\" content=\"2026-03-09T09:32:48+00:00\" \/>\n<meta property=\"article:modified_time\" content=\"2026-03-09T09:38:27+00:00\" \/>\n<meta property=\"og:image\" content=\"https:\/\/www.proges.com\/wp-content\/uploads\/2026\/03\/Logo-Digital-Cleanup-Day-2026-scaled.png\" \/>\n\t<meta property=\"og:image:width\" content=\"2560\" \/>\n\t<meta property=\"og:image:height\" content=\"1811\" \/>\n<meta name=\"twitter:card\" content=\"summary_large_image\" \/>\n<script type=\"application\/ld+json\" class=\"yoast-schema-graph\">{\"@context\":\"https:\/\/schema.org\",\"@graph\":[{\"@type\":\"WebSite\",\"@id\":\"https:\/\/www.proges.com\/fr\/#website\",\"url\":\"https:\/\/www.proges.com\/fr\/\",\"name\":\"Proges Plus\",\"description\":\"Editeur de logiciels, Services informatiques. Surveillance de Temp\\u00e9rature. Lille, Lyon, Nantes, Montr\\u00e9al\",\"potentialAction\":[{\"@type\":\"SearchAction\",\"target\":\"https:\/\/www.proges.com\/fr\/?s={search_term_string}\",\"query-input\":\"required name=search_term_string\"}],\"inLanguage\":\"fr-FR\"},{\"@type\":\"ImageObject\",\"@id\":\"https:\/\/www.proges.com\/fr\/digital-cleanup-day-2026\/#primaryimage\",\"inLanguage\":\"fr-FR\",\"url\":\"https:\/\/www.proges.com\/wp-content\/uploads\/2026\/03\/Logo-Digital-Cleanup-Day-2026-scaled.png\",\"width\":2560,\"height\":1811,\"caption\":\"Logo Digital Cleanup Day\"},{\"@type\":\"WebPage\",\"@id\":\"https:\/\/www.proges.com\/fr\/digital-cleanup-day-2026\/#webpage\",\"url\":\"https:\/\/www.proges.com\/fr\/digital-cleanup-day-2026\/\",\"name\":\"Digital Cleanup Day 2026 : Proges Plus passe \\u00e0 l'action\",\"isPartOf\":{\"@id\":\"https:\/\/www.proges.com\/fr\/#website\"},\"primaryImageOfPage\":{\"@id\":\"https:\/\/www.proges.com\/fr\/digital-cleanup-day-2026\/#primaryimage\"},\"datePublished\":\"2026-03-09T09:32:48+00:00\",\"dateModified\":\"2026-03-09T09:38:27+00:00\",\"author\":{\"@id\":\"https:\/\/www.proges.com\/fr\/#\/schema\/person\/cdac7ef5cefd9f87191aadc903eefca8\"},\"description\":\"Pour la 3\\u00e8me ann\\u00e9e cons\\u00e9cutive, Proges Plus participe au Digital Cleanup Day : tri des donn\\u00e9es et recyclage du mat\\u00e9riel dans nos agences de Lille, Lyon et Nantes.\",\"breadcrumb\":{\"@id\":\"https:\/\/www.proges.com\/fr\/digital-cleanup-day-2026\/#breadcrumb\"},\"inLanguage\":\"fr-FR\",\"potentialAction\":[{\"@type\":\"ReadAction\",\"target\":[\"https:\/\/www.proges.com\/fr\/digital-cleanup-day-2026\/\"]}]},{\"@type\":\"BreadcrumbList\",\"@id\":\"https:\/\/www.proges.com\/fr\/digital-cleanup-day-2026\/#breadcrumb\",\"itemListElement\":[{\"@type\":\"ListItem\",\"position\":1,\"item\":{\"@type\":\"WebPage\",\"@id\":\"https:\/\/www.proges.com\/fr\/\",\"url\":\"https:\/\/www.proges.com\/fr\/\",\"name\":\"Accueil\"}}]},{\"@type\":\"Person\",\"@id\":\"https:\/\/www.proges.com\/fr\/#\/schema\/person\/cdac7ef5cefd9f87191aadc903eefca8\",\"name\":\"tqueva\",\"image\":{\"@type\":\"ImageObject\",\"@id\":\"https:\/\/www.proges.com\/fr\/#personlogo\",\"inLanguage\":\"fr-FR\",\"url\":\"https:\/\/secure.gravatar.com\/avatar\/026264ffbd40926ea429dd415307309029b259060230d55f77e73252badec96a?s=96&d=mm&r=g\",\"caption\":\"tqueva\"}}]}<\/script>\n<!-- \/ Yoast SEO Premium plugin. -->","_links":{"self":[{"href":"https:\/\/www.proges.com\/fr\/wp-json\/wp\/v2\/posts\/2228","targetHints":{"allow":["GET"]}}],"collection":[{"href":"https:\/\/www.proges.com\/fr\/wp-json\/wp\/v2\/posts"}],"about":[{"href":"https:\/\/www.proges.com\/fr\/wp-json\/wp\/v2\/types\/post"}],"author":[{"embeddable":true,"href":"https:\/\/www.proges.com\/fr\/wp-json\/wp\/v2\/users\/7"}],"replies":[{"embeddable":true,"href":"https:\/\/www.proges.com\/fr\/wp-json\/wp\/v2\/comments?post=2228"}],"version-history":[{"count":0,"href":"https:\/\/www.proges.com\/fr\/wp-json\/wp\/v2\/posts\/2228\/revisions"}],"wp:featuredmedia":[{"embeddable":true,"href":"https:\/\/www.proges.com\/fr\/wp-json\/wp\/v2\/media\/2233"}],"wp:attachment":[{"href":"https:\/\/www.proges.com\/fr\/wp-json\/wp\/v2\/media?parent=2228"}],"wp:term":[{"taxonomy":"category","embeddable":true,"href":"https:\/\/www.proges.com\/fr\/wp-json\/wp\/v2\/categories?post=2228"},{"taxonomy":"post_tag","embeddable":true,"href":"https:\/\/www.proges.com\/fr\/wp-json\/wp\/v2\/tags?post=2228"}],"curies":[{"name":"wp","href":"https:\/\/api.w.org\/{rel}","templated":true}]}}