{"id":1828,"date":"2022-02-02T16:11:07","date_gmt":"2022-02-02T15:11:07","guid":{"rendered":"https:\/\/proges.wpengine.com\/?p=1828"},"modified":"2024-08-28T09:29:27","modified_gmt":"2024-08-28T07:29:27","slug":"duoday-2021-handicap-insertion-informatique","status":"publish","type":"post","link":"https:\/\/www.proges.com\/fr\/duoday-2021-handicap-insertion-informatique\/","title":{"rendered":"DuoDay 2021 : d\u00e9couvrez le m\u00e9tier de Technicien r\u00e9seaux informatiques"},"content":{"rendered":"<p><span style=\"color: #182750;\"><strong>Cette ann\u00e9e encore, nous avons le plaisir de participer au DuoDay en faveur de l&rsquo;insertion des personnes handicap\u00e9es dans l&rsquo;univers de l&rsquo;entreprise !<\/strong><\/span><\/p>\n<p><img decoding=\"async\" class=\"alignnone size-medium wp-image-1829\" src=\"https:\/\/www.proges.com\/wp-content\/uploads\/2022\/02\/Logo_DuoDay_Web-300x163.png\" alt=\"DuoDay 2021\" width=\"300\" height=\"163\" srcset=\"https:\/\/www.proges.com\/wp-content\/uploads\/2022\/02\/Logo_DuoDay_Web-300x163.png 300w, https:\/\/www.proges.com\/wp-content\/uploads\/2022\/02\/Logo_DuoDay_Web.png 459w\" sizes=\"(max-width: 300px) 100vw, 300px\" \/><\/p>\n<h3>Qu&rsquo;est-ce que le DuoDay 2021 ?<\/h3>\n<p>Le <a href=\"https:\/\/www.duoday.fr\/\" target=\"_blank\" rel=\"noopener noreferrer\">DuoDay est une journ\u00e9e nationale<\/a> qui permet \u00e0 une personne en situation de handicap de s&rsquo;immerger dans le monde de l&rsquo;entreprise, en formant un bin\u00f4me avec l&rsquo;un des collaborateurs de notre entreprise. Pr\u00e9sente directement sur site, la personne concern\u00e9e peut ainsi d\u00e9couvrir un environnement de travail sp\u00e9cifique, un m\u00e9tier, et affiner ses envies professionnelles. Aussi riche pour l&rsquo;entreprise que pour la personne accueillie, le DuoDay permet de s&rsquo;inscrire dans une d\u00e9marche claire en faveur de l&#8217;embauche des travailleurs handicap\u00e9s.<\/p>\n<h3>Le DuoDay 2021 chez Proges Plus : le 18 novembre 2021<\/h3>\n<p><strong>Nous proposons cette ann\u00e9e \u00e0 une personne en situation de handicap de venir d\u00e9couvrir le m\u00e9tier de Technicien r\u00e9seaux informatiques.<\/strong> Cette journ\u00e9e se d\u00e9roulera au sein de notre agence de Lyon, situ\u00e9e 7 all\u00e9e du Cr\u00eat, \u00e0 La Tour-de-Salvagny. La personne re\u00e7ue sera encadr\u00e9e par un ing\u00e9nieur informatique travaillant au sein de notre <a href=\"https:\/\/www.proges.com\/blue-serve\/fr\/\" target=\"_blank\" rel=\"noopener noreferrer\">activit\u00e9 Blue Serve<\/a> sp\u00e9cialis\u00e9e en gestion d&rsquo;infrastructures informatiques pour les PME ainsi que pour les \u00e9tablissements de sant\u00e9.<\/p>\n<ul>\n<li><strong>Date :<\/strong> 18 novembre 2021.<\/li>\n<li><span style=\"color: #182750;\"><strong>Horaires :<\/strong><\/span> 9h00 &#8211; 18h00.<\/li>\n<li>Confidentialit\u00e9 des donn\u00e9es clients \u00e0 respecter.<\/li>\n<li>Port du masque obligatoire.<\/li>\n<li>Locaux non accessibles aux fauteuils roulants.<\/li>\n<\/ul>\n<h4>Comment postuler ?<\/h4>\n<table style=\"border-collapse: collapse; width: 100%;\" border=\"1\">\n<tbody>\n<tr>\n<td style=\"width: 10.7101%;\"><a href=\"https:\/\/www.proges.com\/wp-content\/uploads\/2022\/02\/Offre-DuoDay-2021-Proges-Plus.pdf\"><img decoding=\"async\" class=\"alignnone wp-image-1697 size-full\" src=\"https:\/\/www.proges.com\/wp-content\/uploads\/2021\/10\/Telecharger-PDF-e1634630292821.png\" alt=\"\" width=\"200\" height=\"182\" \/><\/a><\/td>\n<td style=\"width: 89.2899%; text-align: left;\"><span style=\"color: #182750;\"><strong>\u00a0 \u00a0 \u00a0 \u00a0 \u00a0 <a href=\"https:\/\/www.proges.com\/wp-content\/uploads\/2022\/02\/Offre-DuoDay-2021-Proges-Plus.pdf\">T\u00e9l\u00e9chargez notre offre DuoDay 2021<\/a> :<\/strong> <\/span>d\u00e9couverte du m\u00e9tier de Technicien r\u00e9seaux informatiques<\/td>\n<\/tr>\n<\/tbody>\n<\/table>\n<p>&nbsp;<\/p>\n<p><span style=\"color: #182750;\"><strong>Apr\u00e8s avoir pris connaissance de l&rsquo;offre vous pouvez nous contacter via l&rsquo;adresse mail disponible au sein du PDF, ou directement <a style=\"color: #182750;\" href=\"https:\/\/www.proges.com\/fr\/contact\/\">via notre page contact<\/a>.<\/strong> <\/span>Notre standard t\u00e9l\u00e9phonique est \u00e9galement \u00e0 votre disposition si vous souhaitez disposer d&rsquo;informations compl\u00e9mentaires avant l&rsquo;envoi de votre demande. Vous pouvez nous contacter au 03.20.64.63.63.<\/p>\n","protected":false},"excerpt":{"rendered":"<p>Cette ann\u00e9e encore, nous avons le plaisir de participer au DuoDay en faveur de l&rsquo;insertion&#8230;<\/p>\n","protected":false},"author":7,"featured_media":1829,"comment_status":"open","ping_status":"open","sticky":false,"template":"","format":"standard","meta":{"_acf_changed":false,"footnotes":""},"categories":[20],"tags":[],"class_list":["post-1828","post","type-post","status-publish","format-standard","has-post-thumbnail","hentry","category-actualites"],"acf":[],"yoast_head":"<!-- This site is optimized with the Yoast SEO Premium plugin v15.0 - https:\/\/yoast.com\/wordpress\/plugins\/seo\/ -->\n<title>DuoDay 2021 : d\u00e9couvrez le m\u00e9tier de Technicien r\u00e9seaux informatiques<\/title>\n<meta name=\"description\" content=\"Offre DuoDay 2021 chez Proges Plus : d\u00e9couverte du m\u00e9tier de Technicien r\u00e9seaux informatiques au sein de notre agence de Lyon.\" \/>\n<meta name=\"robots\" content=\"index, follow, max-snippet:-1, max-image-preview:large, max-video-preview:-1\" \/>\n<link rel=\"canonical\" href=\"https:\/\/www.proges.com\/fr\/duoday-2021-handicap-insertion-informatique\/\" \/>\n<meta property=\"og:locale\" content=\"fr_FR\" \/>\n<meta property=\"og:type\" content=\"article\" \/>\n<meta property=\"og:title\" content=\"DuoDay 2021 : d\u00e9couvrez le m\u00e9tier de Technicien r\u00e9seaux informatiques\" \/>\n<meta property=\"og:description\" content=\"Offre DuoDay 2021 chez Proges Plus : d\u00e9couverte du m\u00e9tier de Technicien r\u00e9seaux informatiques au sein de notre agence de Lyon.\" \/>\n<meta property=\"og:url\" content=\"https:\/\/www.proges.com\/fr\/duoday-2021-handicap-insertion-informatique\/\" \/>\n<meta property=\"og:site_name\" content=\"Proges Plus\" \/>\n<meta property=\"article:published_time\" content=\"2022-02-02T15:11:07+00:00\" \/>\n<meta property=\"article:modified_time\" content=\"2024-08-28T07:29:27+00:00\" \/>\n<meta property=\"og:image\" content=\"https:\/\/www.proges.com\/wp-content\/uploads\/2022\/02\/Logo_DuoDay_Web.png\" \/>\n\t<meta property=\"og:image:width\" content=\"459\" \/>\n\t<meta property=\"og:image:height\" content=\"250\" \/>\n<meta name=\"twitter:card\" content=\"summary_large_image\" \/>\n<script type=\"application\/ld+json\" class=\"yoast-schema-graph\">{\"@context\":\"https:\/\/schema.org\",\"@graph\":[{\"@type\":\"WebSite\",\"@id\":\"https:\/\/www.proges.com\/fr\/#website\",\"url\":\"https:\/\/www.proges.com\/fr\/\",\"name\":\"Proges Plus\",\"description\":\"Editeur de logiciels, Services informatiques. Surveillance de Temp\\u00e9rature. Lille, Lyon, Nantes, Montr\\u00e9al\",\"potentialAction\":[{\"@type\":\"SearchAction\",\"target\":\"https:\/\/www.proges.com\/fr\/?s={search_term_string}\",\"query-input\":\"required name=search_term_string\"}],\"inLanguage\":\"fr-FR\"},{\"@type\":\"ImageObject\",\"@id\":\"https:\/\/www.proges.com\/fr\/duoday-2021-handicap-insertion-informatique\/#primaryimage\",\"inLanguage\":\"fr-FR\",\"url\":\"https:\/\/www.proges.com\/wp-content\/uploads\/2022\/02\/Logo_DuoDay_Web.png\",\"width\":459,\"height\":250,\"caption\":\"DuoDay 2021\"},{\"@type\":\"WebPage\",\"@id\":\"https:\/\/www.proges.com\/fr\/duoday-2021-handicap-insertion-informatique\/#webpage\",\"url\":\"https:\/\/www.proges.com\/fr\/duoday-2021-handicap-insertion-informatique\/\",\"name\":\"DuoDay 2021 : d\\u00e9couvrez le m\\u00e9tier de Technicien r\\u00e9seaux informatiques\",\"isPartOf\":{\"@id\":\"https:\/\/www.proges.com\/fr\/#website\"},\"primaryImageOfPage\":{\"@id\":\"https:\/\/www.proges.com\/fr\/duoday-2021-handicap-insertion-informatique\/#primaryimage\"},\"datePublished\":\"2022-02-02T15:11:07+00:00\",\"dateModified\":\"2024-08-28T07:29:27+00:00\",\"author\":{\"@id\":\"https:\/\/www.proges.com\/fr\/#\/schema\/person\/cdac7ef5cefd9f87191aadc903eefca8\"},\"description\":\"Offre DuoDay 2021 chez Proges Plus : d\\u00e9couverte du m\\u00e9tier de Technicien r\\u00e9seaux informatiques au sein de notre agence de Lyon.\",\"breadcrumb\":{\"@id\":\"https:\/\/www.proges.com\/fr\/duoday-2021-handicap-insertion-informatique\/#breadcrumb\"},\"inLanguage\":\"fr-FR\",\"potentialAction\":[{\"@type\":\"ReadAction\",\"target\":[\"https:\/\/www.proges.com\/fr\/duoday-2021-handicap-insertion-informatique\/\"]}]},{\"@type\":\"BreadcrumbList\",\"@id\":\"https:\/\/www.proges.com\/fr\/duoday-2021-handicap-insertion-informatique\/#breadcrumb\",\"itemListElement\":[{\"@type\":\"ListItem\",\"position\":1,\"item\":{\"@type\":\"WebPage\",\"@id\":\"https:\/\/www.proges.com\/fr\/\",\"url\":\"https:\/\/www.proges.com\/fr\/\",\"name\":\"Accueil\"}}]},{\"@type\":\"Person\",\"@id\":\"https:\/\/www.proges.com\/fr\/#\/schema\/person\/cdac7ef5cefd9f87191aadc903eefca8\",\"name\":\"tqueva\",\"image\":{\"@type\":\"ImageObject\",\"@id\":\"https:\/\/www.proges.com\/fr\/#personlogo\",\"inLanguage\":\"fr-FR\",\"url\":\"https:\/\/secure.gravatar.com\/avatar\/026264ffbd40926ea429dd415307309029b259060230d55f77e73252badec96a?s=96&d=mm&r=g\",\"caption\":\"tqueva\"}}]}<\/script>\n<!-- \/ Yoast SEO Premium plugin. -->","_links":{"self":[{"href":"https:\/\/www.proges.com\/fr\/wp-json\/wp\/v2\/posts\/1828","targetHints":{"allow":["GET"]}}],"collection":[{"href":"https:\/\/www.proges.com\/fr\/wp-json\/wp\/v2\/posts"}],"about":[{"href":"https:\/\/www.proges.com\/fr\/wp-json\/wp\/v2\/types\/post"}],"author":[{"embeddable":true,"href":"https:\/\/www.proges.com\/fr\/wp-json\/wp\/v2\/users\/7"}],"replies":[{"embeddable":true,"href":"https:\/\/www.proges.com\/fr\/wp-json\/wp\/v2\/comments?post=1828"}],"version-history":[{"count":0,"href":"https:\/\/www.proges.com\/fr\/wp-json\/wp\/v2\/posts\/1828\/revisions"}],"wp:featuredmedia":[{"embeddable":true,"href":"https:\/\/www.proges.com\/fr\/wp-json\/wp\/v2\/media\/1829"}],"wp:attachment":[{"href":"https:\/\/www.proges.com\/fr\/wp-json\/wp\/v2\/media?parent=1828"}],"wp:term":[{"taxonomy":"category","embeddable":true,"href":"https:\/\/www.proges.com\/fr\/wp-json\/wp\/v2\/categories?post=1828"},{"taxonomy":"post_tag","embeddable":true,"href":"https:\/\/www.proges.com\/fr\/wp-json\/wp\/v2\/tags?post=1828"}],"curies":[{"name":"wp","href":"https:\/\/api.w.org\/{rel}","templated":true}]}}