{"id":892,"date":"2020-06-18T14:50:41","date_gmt":"2020-06-18T12:50:41","guid":{"rendered":"https:\/\/www.proges.com\/?p=892"},"modified":"2021-02-16T18:20:09","modified_gmt":"2021-02-16T17:20:09","slug":"proges-plus-at-the-made-in-hainaut-2019-exhibition","status":"publish","type":"post","link":"https:\/\/www.proges.com\/en\/proges-plus-at-the-made-in-hainaut-2019-exhibition\/","title":{"rendered":"Proges Plus at the Made In Hainaut 2019 exhibition"},"content":{"rendered":"<h3>23 and 24 May 2019 in Wallers<\/h3>\n<p>We will have the pleasure to meet you at the <strong>Made In Hainaut exhibition, on May 23rd and 24th<\/strong>, with our Synoptic ERP and Blue Serve teams, to present you concrete solutions dedicated to mobility and the performance of your company !<\/p>\n<p>Come and chat with us on <strong>booth E16<\/strong> and follow us on <a href=\"https:\/\/twitter.com\/progesplus?lang=fr\" target=\"_blank\" rel=\"noopener noreferrer\">Twitter<\/a> and <a href=\"https:\/\/fr.linkedin.com\/company\/proges-plus\" target=\"_blank\" rel=\"noopener noreferrer\">LinkedIn<\/a> to make sure you don&#8217;t miss anything !<\/p>\n<h3>A multi-sector exhibition<\/h3>\n<p>Organised by Porte du Hainaut D\u00e9veloppement, the economic development agency of the Communaut\u00e9 d&#8217;Agglom\u00e9ration de La Porte du Hainaut, the Made in Hainaut trade fair is a <strong>professional event dedicated to promoting the know-how of companies in the area and more broadly in the Hauts-de-France region.<\/strong><\/p>\n<p>It&#8217;s a great opportunity, over two days, for professionals from all sectors of activity to present their products and services, exchange with their regional counterparts and develop their network.<\/p>\n<p>&nbsp;<\/p>\n","protected":false},"excerpt":{"rendered":"<p>23 and 24 May 2019 in Wallers We will have the pleasure to meet you&#8230;<\/p>\n","protected":false},"author":7,"featured_media":526,"comment_status":"open","ping_status":"open","sticky":false,"template":"","format":"standard","meta":{"_acf_changed":false,"footnotes":""},"categories":[],"tags":[],"class_list":["post-892","post","type-post","status-publish","format-standard","has-post-thumbnail","hentry"],"acf":[],"yoast_head":"<!-- This site is optimized with the Yoast SEO Premium plugin v15.0 - https:\/\/yoast.com\/wordpress\/plugins\/seo\/ -->\n<title>Proges Plus at the Made In Hainaut 2019 exhibition - Proges Plus<\/title>\n<meta name=\"description\" content=\"Meet Proges Plus at Made In Hainaut 2019 and discover our 3 activities : ERP software, IT, temperature control.\" \/>\n<meta name=\"robots\" content=\"index, follow, max-snippet:-1, max-image-preview:large, max-video-preview:-1\" \/>\n<link rel=\"canonical\" href=\"https:\/\/www.proges.com\/en\/proges-plus-at-the-made-in-hainaut-2019-exhibition\/\" \/>\n<meta property=\"og:locale\" content=\"en_US\" \/>\n<meta property=\"og:type\" content=\"article\" \/>\n<meta property=\"og:title\" content=\"Proges Plus at the Made In Hainaut 2019 exhibition - Proges Plus\" \/>\n<meta property=\"og:description\" content=\"Meet Proges Plus at Made In Hainaut 2019 and discover our 3 activities : ERP software, IT, temperature control.\" \/>\n<meta property=\"og:url\" content=\"https:\/\/www.proges.com\/en\/proges-plus-at-the-made-in-hainaut-2019-exhibition\/\" \/>\n<meta property=\"og:site_name\" content=\"Proges Plus\" \/>\n<meta property=\"article:published_time\" content=\"2020-06-18T12:50:41+00:00\" \/>\n<meta property=\"article:modified_time\" content=\"2021-02-16T17:20:09+00:00\" \/>\n<meta property=\"og:image\" content=\"https:\/\/www.proges.com\/wp-content\/uploads\/2020\/03\/Salon-Made-In-Hainaut-2019.jpg\" \/>\n\t<meta property=\"og:image:width\" content=\"1746\" \/>\n\t<meta property=\"og:image:height\" content=\"1330\" \/>\n<meta name=\"twitter:card\" content=\"summary_large_image\" \/>\n<script type=\"application\/ld+json\" class=\"yoast-schema-graph\">{\"@context\":\"https:\/\/schema.org\",\"@graph\":[{\"@type\":\"WebSite\",\"@id\":\"https:\/\/www.proges.com\/en\/#website\",\"url\":\"https:\/\/www.proges.com\/en\/\",\"name\":\"Proges Plus\",\"description\":\"Editeur de logiciels, Services informatiques. Surveillance de Temp\\u00e9rature. Lille, Lyon, Nantes, Montr\\u00e9al\",\"potentialAction\":[{\"@type\":\"SearchAction\",\"target\":\"https:\/\/www.proges.com\/en\/?s={search_term_string}\",\"query-input\":\"required name=search_term_string\"}],\"inLanguage\":\"en-US\"},{\"@type\":\"ImageObject\",\"@id\":\"https:\/\/www.proges.com\/en\/proges-plus-at-the-made-in-hainaut-2019-exhibition\/#primaryimage\",\"inLanguage\":\"en-US\",\"url\":\"https:\/\/www.proges.com\/wp-content\/uploads\/2020\/03\/Salon-Made-In-Hainaut-2019.jpg\",\"width\":1746,\"height\":1330,\"caption\":\"Made In Hainaut 2019 exhibition\"},{\"@type\":\"WebPage\",\"@id\":\"https:\/\/www.proges.com\/en\/proges-plus-at-the-made-in-hainaut-2019-exhibition\/#webpage\",\"url\":\"https:\/\/www.proges.com\/en\/proges-plus-at-the-made-in-hainaut-2019-exhibition\/\",\"name\":\"Proges Plus at the Made In Hainaut 2019 exhibition - Proges Plus\",\"isPartOf\":{\"@id\":\"https:\/\/www.proges.com\/en\/#website\"},\"primaryImageOfPage\":{\"@id\":\"https:\/\/www.proges.com\/en\/proges-plus-at-the-made-in-hainaut-2019-exhibition\/#primaryimage\"},\"datePublished\":\"2020-06-18T12:50:41+00:00\",\"dateModified\":\"2021-02-16T17:20:09+00:00\",\"author\":{\"@id\":\"https:\/\/www.proges.com\/en\/#\/schema\/person\/cdac7ef5cefd9f87191aadc903eefca8\"},\"description\":\"Meet Proges Plus at Made In Hainaut 2019 and discover our 3 activities : ERP software, IT, temperature control.\",\"breadcrumb\":{\"@id\":\"https:\/\/www.proges.com\/en\/proges-plus-at-the-made-in-hainaut-2019-exhibition\/#breadcrumb\"},\"inLanguage\":\"en-US\",\"potentialAction\":[{\"@type\":\"ReadAction\",\"target\":[\"https:\/\/www.proges.com\/en\/proges-plus-at-the-made-in-hainaut-2019-exhibition\/\"]}]},{\"@type\":\"BreadcrumbList\",\"@id\":\"https:\/\/www.proges.com\/en\/proges-plus-at-the-made-in-hainaut-2019-exhibition\/#breadcrumb\",\"itemListElement\":[{\"@type\":\"ListItem\",\"position\":1,\"item\":{\"@type\":\"WebPage\",\"@id\":\"https:\/\/www.proges.com\/en\/\",\"url\":\"https:\/\/www.proges.com\/en\/\",\"name\":\"Home page\"}}]},{\"@type\":\"Person\",\"@id\":\"https:\/\/www.proges.com\/en\/#\/schema\/person\/cdac7ef5cefd9f87191aadc903eefca8\",\"name\":\"tqueva\",\"image\":{\"@type\":\"ImageObject\",\"@id\":\"https:\/\/www.proges.com\/en\/#personlogo\",\"inLanguage\":\"en-US\",\"url\":\"https:\/\/secure.gravatar.com\/avatar\/026264ffbd40926ea429dd415307309029b259060230d55f77e73252badec96a?s=96&d=mm&r=g\",\"caption\":\"tqueva\"}}]}<\/script>\n<!-- \/ Yoast SEO Premium plugin. -->","_links":{"self":[{"href":"https:\/\/www.proges.com\/en\/wp-json\/wp\/v2\/posts\/892","targetHints":{"allow":["GET"]}}],"collection":[{"href":"https:\/\/www.proges.com\/en\/wp-json\/wp\/v2\/posts"}],"about":[{"href":"https:\/\/www.proges.com\/en\/wp-json\/wp\/v2\/types\/post"}],"author":[{"embeddable":true,"href":"https:\/\/www.proges.com\/en\/wp-json\/wp\/v2\/users\/7"}],"replies":[{"embeddable":true,"href":"https:\/\/www.proges.com\/en\/wp-json\/wp\/v2\/comments?post=892"}],"version-history":[{"count":0,"href":"https:\/\/www.proges.com\/en\/wp-json\/wp\/v2\/posts\/892\/revisions"}],"wp:featuredmedia":[{"embeddable":true,"href":"https:\/\/www.proges.com\/en\/wp-json\/wp\/v2\/media\/526"}],"wp:attachment":[{"href":"https:\/\/www.proges.com\/en\/wp-json\/wp\/v2\/media?parent=892"}],"wp:term":[{"taxonomy":"category","embeddable":true,"href":"https:\/\/www.proges.com\/en\/wp-json\/wp\/v2\/categories?post=892"},{"taxonomy":"post_tag","embeddable":true,"href":"https:\/\/www.proges.com\/en\/wp-json\/wp\/v2\/tags?post=892"}],"curies":[{"name":"wp","href":"https:\/\/api.w.org\/{rel}","templated":true}]}}