{"id":2177,"date":"2025-11-24T15:34:56","date_gmt":"2025-11-24T14:34:56","guid":{"rendered":"https:\/\/www.proges.com\/?p=2177"},"modified":"2025-11-24T15:42:29","modified_gmt":"2025-11-24T14:42:29","slug":"zertifizierung-iso-27001-cybersicherheit","status":"publish","type":"post","link":"https:\/\/www.proges.com\/de\/zertifizierung-iso-27001-cybersicherheit\/","title":{"rendered":"ISO 27001-Zertifizierung : Proges Plus st\u00e4rkt die Sicherheit und Zuverl\u00e4ssigkeit seiner Dienstleistungen"},"content":{"rendered":"\t\t<div data-elementor-type=\"wp-post\" data-elementor-id=\"2177\" class=\"elementor elementor-2177 elementor-2165\" data-elementor-post-type=\"post\">\n\t\t\t\t<div class=\"elementor-element elementor-element-f46440a e-flex e-con-boxed e-con e-parent\" data-id=\"f46440a\" data-element_type=\"container\" data-e-type=\"container\">\n\t\t\t\t\t<div class=\"e-con-inner\">\n\t\t\t\t<div class=\"elementor-element elementor-element-8fbe39b elementor-widget elementor-widget-heading\" data-id=\"8fbe39b\" data-element_type=\"widget\" data-e-type=\"widget\" data-widget_type=\"heading.default\">\n\t\t\t\t<div class=\"elementor-widget-container\">\n\t\t\t\t\t<h3 class=\"elementor-heading-title elementor-size-default\">Denn die Sicherheit Ihrer Daten ist f\u00fcr Ihr Unternehmen entscheidend<\/h3>\t\t\t\t<\/div>\n\t\t\t\t<\/div>\n\t\t\t\t<div class=\"elementor-element elementor-element-7a4c8dc elementor-widget elementor-widget-image\" data-id=\"7a4c8dc\" data-element_type=\"widget\" data-e-type=\"widget\" data-widget_type=\"image.default\">\n\t\t\t\t<div class=\"elementor-widget-container\">\n\t\t\t\t\t\t\t\t\t\t\t\t\t\t\t\t<a href=\"https:\/\/www.proges.com\/wp-content\/uploads\/2025\/11\/CERTIFICAT-27001-Proges-plus-2025-2028.pdf\" target=\"_blank\">\n\t\t\t\t\t\t\t<img decoding=\"async\" src=\"https:\/\/www.proges.com\/wp-content\/uploads\/elementor\/thumbs\/Logo-certification-ISO-27001-reznml2xr9eqt5rz7c8rlw1yl8leg7d2sm1yfh5rui.png\" title=\"Logo-certification-ISO-27001\" alt=\"ISO-27001-Zertifizierungslogo\" loading=\"lazy\" \/>\t\t\t\t\t\t\t\t<\/a>\n\t\t\t\t\t\t\t\t\t\t\t\t\t\t\t<\/div>\n\t\t\t\t<\/div>\n\t\t\t\t<div class=\"elementor-element elementor-element-11e27cd elementor-widget elementor-widget-text-editor\" data-id=\"11e27cd\" data-element_type=\"widget\" data-e-type=\"widget\" data-widget_type=\"text-editor.default\">\n\t\t\t\t<div class=\"elementor-widget-container\">\n\t\t\t\t\t\t\t\t\t<p>Unternehmen (Kleinstunternehmen, KMU, mittelst\u00e4ndische Unternehmen) und \u00f6ffentliche Einrichtungen agieren in einem Umfeld, in dem Cybersicherheit zu einer zentralen Herausforderung geworden ist. Cyberangriffe nehmen zu, regulatorische Anforderungen versch\u00e4rfen sich und die Gesch\u00e4ftskontinuit\u00e4t h\u00e4ngt von zuverl\u00e4ssigen digitalen L\u00f6sungen ab.<\/p><p>T\u00e4glich vertrauen Sie uns wichtige Daten f\u00fcr den Betrieb Ihrer Organisation an. Selbstverst\u00e4ndlich erwarten Sie, dass diese Daten in einer sicheren, kontrollierten Umgebung und nach bew\u00e4hrten Praktiken behandelt werden.<\/p><p><strong>Um diesen Erwartungen gerecht zu werden und das Vertrauen, das Sie uns entgegenbringen, langfristig zu st\u00e4rken, ist Proges Plus nun ISO 27001-zertifiziert, der internationalen Referenznorm f\u00fcr Informationssicherheitsmanagement.<\/strong><\/p>\t\t\t\t\t\t\t\t<\/div>\n\t\t\t\t<\/div>\n\t\t\t\t<div class=\"elementor-element elementor-element-ad033c6 elementor-blockquote--skin-boxed elementor-blockquote--align-center elementor-widget elementor-widget-blockquote\" data-id=\"ad033c6\" data-element_type=\"widget\" data-e-type=\"widget\" data-widget_type=\"blockquote.default\">\n\t\t\t\t<div class=\"elementor-widget-container\">\n\t\t\t\t\t\t\t<blockquote class=\"elementor-blockquote\">\n\t\t\t<p class=\"elementor-blockquote__content\">\n\t\t\t\tKonzeption, Integration und Betriebssicherung der L\u00f6sungen Synoptic ERP, Synoriel (SIRH) und Plug and Track (Monitoring von Umweltbedingungen) sowie der Outsourcing- und IT-\/Cybersicherheitsdienstleistungen \u00fcber Blue Serve.\t\t\t<\/p>\n\t\t\t\t\t\t\t<div class=\"e-q-footer\">\n\t\t\t\t\t\t\t\t\t\t\t<cite class=\"elementor-blockquote__author\">Geltungsbereich der ISO 27001-Zertifizierung<\/cite>\n\t\t\t\t\t\t\t\t\t\t\t\t\t\t<\/div>\n\t\t\t\t\t<\/blockquote>\n\t\t\t\t\t\t<\/div>\n\t\t\t\t<\/div>\n\t\t\t\t<div class=\"elementor-element elementor-element-780539e elementor-align-center elementor-widget elementor-widget-button\" data-id=\"780539e\" data-element_type=\"widget\" data-e-type=\"widget\" data-widget_type=\"button.default\">\n\t\t\t\t<div class=\"elementor-widget-container\">\n\t\t\t\t\t\t\t\t\t<div class=\"elementor-button-wrapper\">\n\t\t\t\t\t<a class=\"elementor-button elementor-button-link elementor-size-sm\" href=\"https:\/\/www.proges.com\/wp-content\/uploads\/2025\/11\/CERTIFICAT-27001-Proges-plus-2025-2028.pdf\" target=\"_blank\">\n\t\t\t\t\t\t<span class=\"elementor-button-content-wrapper\">\n\t\t\t\t\t\t\t\t\t<span class=\"elementor-button-text\">ISO 27001-Zertifikat einsehen<\/span>\n\t\t\t\t\t<\/span>\n\t\t\t\t\t<\/a>\n\t\t\t\t<\/div>\n\t\t\t\t\t\t\t\t<\/div>\n\t\t\t\t<\/div>\n\t\t\t\t<div class=\"elementor-element elementor-element-770c2e9 elementor-widget elementor-widget-heading\" data-id=\"770c2e9\" data-element_type=\"widget\" data-e-type=\"widget\" data-widget_type=\"heading.default\">\n\t\t\t\t<div class=\"elementor-widget-container\">\n\t\t\t\t\t<h3 class=\"elementor-heading-title elementor-size-default\">Was diese Zertifizierung konkret f\u00fcr Ihr Unternehmen bedeutet<\/h3>\t\t\t\t<\/div>\n\t\t\t\t<\/div>\n\t\t\t\t<div class=\"elementor-element elementor-element-f1457d7 elementor-widget elementor-widget-text-editor\" data-id=\"f1457d7\" data-element_type=\"widget\" data-e-type=\"widget\" data-widget_type=\"text-editor.default\">\n\t\t\t\t<div class=\"elementor-widget-container\">\n\t\t\t\t\t\t\t\t\t<p><span style=\"color: #182750;\"><strong>Die ISO 27001-Zertifizierung ist nicht nur ein internes Engagement von Proges Plus: Sie st\u00e4rkt direkt die Cybersicherheit und Zuverl\u00e4ssigkeit der Dienste, die Sie t\u00e4glich nutzen.<\/strong><\/span><\/p><p><span style=\"color: #182750;\">Konkret bedeutet dies :<\/span><\/p><ul><li><span style=\"color: #182750;\">Ihr ERP und alle unsere L\u00f6sungen erf\u00fcllen strenge Sicherheitsanforderungen.<\/span><\/li><li><span style=\"color: #182750;\">Die Verbindungen und der Datenaustausch zwischen Ihrem Unternehmen und Proges Plus sind gesch\u00fctzt, wodurch Risiken von Eindringlingen oder Datenmanipulationen reduziert werden.<\/span><\/li><li><span style=\"color: #182750;\">Die Informationen, die Sie uns anvertrauen, sind in jeder Phase gesichert \u2013 von der \u00dcbertragung bis zur Speicherung.<\/span><\/li><li><span style=\"color: #182750;\">Sie arbeiten mit einem Partner zusammen, der international anerkannte Regeln, Verfahren und Kontrollen anwendet, was auch zu Ihrer eigenen Compliance beitr\u00e4gt.<\/span><\/li><li><span style=\"color: #182750;\">Sie profitieren von einem zuverl\u00e4ssigen und kontrollierten Rahmen, der darauf ausgelegt ist, operative Risiken zu minimieren und die Gesch\u00e4ftskontinuit\u00e4t zu unterst\u00fctzen.<\/span><\/li><\/ul><p><span style=\"color: #182750;\">Zusammengefasst garantiert diese Zertifizierung, dass die L\u00f6sungen <a style=\"color: #182750;\" href=\"https:\/\/www.synoptic-erp.com\/en\/\" target=\"_blank\" rel=\"noopener\"><u>Synoptic ERP<\/u><\/a>, <a style=\"color: #182750;\" href=\"https:\/\/synoriel.com\/\" target=\"_blank\" rel=\"noopener\"><u>Synoriel<\/u><\/a>, <a style=\"color: #182750;\" href=\"https:\/\/www.plugandtrack.com\/de\/\" target=\"_blank\" rel=\"noopener\"><u>Plug and Track<\/u><\/a> und die <a style=\"color: #182750;\" href=\"https:\/\/www.blue-serve.com\/\" target=\"_blank\" rel=\"noopener\"><u>Blue Serve<\/u><\/a>-Dienstleistungen auf einer kontrollierten, sicheren Umgebung basieren und den Best Practices des Marktes entsprechen.<\/span><\/p>\t\t\t\t\t\t\t\t<\/div>\n\t\t\t\t<\/div>\n\t\t\t\t<div class=\"elementor-element elementor-element-043461d elementor-widget elementor-widget-heading\" data-id=\"043461d\" data-element_type=\"widget\" data-e-type=\"widget\" data-widget_type=\"heading.default\">\n\t\t\t\t<div class=\"elementor-widget-container\">\n\t\t\t\t\t<h3 class=\"elementor-heading-title elementor-size-default\">Ein starkes, kollektives Engagement<\/h3>\t\t\t\t<\/div>\n\t\t\t\t<\/div>\n\t\t\t\t<div class=\"elementor-element elementor-element-16a844a elementor-widget elementor-widget-text-editor\" data-id=\"16a844a\" data-element_type=\"widget\" data-e-type=\"widget\" data-widget_type=\"text-editor.default\">\n\t\t\t\t<div class=\"elementor-widget-container\">\n\t\t\t\t\t\t\t\t\t<p>Der Erwerb dieser Zertifizierung ist das Ergebnis monatelanger intensiver Arbeit unseres gesamten Teams.<\/p><p>Dies beinhaltete :<\/p><ul><li>Die Kartierung und Sicherung unserer internen Prozesse.<\/li><li>Die Aktualisierung unserer Sicherheitsrichtlinien und -verfahren.<\/li><li>Die Sensibilisierung und Schulung unserer Mitarbeiter.<\/li><li>Die \u00dcberpr\u00fcfung und Auditierung unserer Infrastruktur und Praktiken durch eine unabh\u00e4ngige Organisation.<\/li><\/ul><p>Dieses kollektive Engagement spiegelt unseren Willen wider, das Vertrauen, das Sie uns entgegenbringen, langfristig zu st\u00e4rken.<\/p>\t\t\t\t\t\t\t\t<\/div>\n\t\t\t\t<\/div>\n\t\t\t\t<div class=\"elementor-element elementor-element-42a4dbe elementor-widget elementor-widget-heading\" data-id=\"42a4dbe\" data-element_type=\"widget\" data-e-type=\"widget\" data-widget_type=\"heading.default\">\n\t\t\t\t<div class=\"elementor-widget-container\">\n\t\t\t\t\t<h3 class=\"elementor-heading-title elementor-size-default\">Ein weiterer Schritt in die Zukunft<\/h3>\t\t\t\t<\/div>\n\t\t\t\t<\/div>\n\t\t\t\t<div class=\"elementor-element elementor-element-e7dbd79 elementor-widget elementor-widget-text-editor\" data-id=\"e7dbd79\" data-element_type=\"widget\" data-e-type=\"widget\" data-widget_type=\"text-editor.default\">\n\t\t\t\t<div class=\"elementor-widget-container\">\n\t\t\t\t\t\t\t\t\t<p><strong>Dieser Meilenstein markiert eine strukturelle Weiterentwicklung f\u00fcr Proges Plus und ist Teil unserer kontinuierlichen Verbesserung von Qualit\u00e4t, Sicherheit und Zuverl\u00e4ssigkeit unserer Dienstleistungen.<\/strong><\/p>\t\t\t\t\t\t\t\t<\/div>\n\t\t\t\t<\/div>\n\t\t\t\t<div class=\"elementor-element elementor-element-b116630 elementor-widget elementor-widget-heading\" data-id=\"b116630\" data-element_type=\"widget\" data-e-type=\"widget\" data-widget_type=\"heading.default\">\n\t\t\t\t<div class=\"elementor-widget-container\">\n\t\t\t\t\t<h3 class=\"elementor-heading-title elementor-size-default\">Entdecken Sie unsere weiteren Artikel<\/h3>\t\t\t\t<\/div>\n\t\t\t\t<\/div>\n\t\t\t\t<div class=\"elementor-element elementor-element-e468ad4 elementor-grid-3 elementor-grid-tablet-2 elementor-grid-mobile-1 elementor-posts--thumbnail-top elementor-card-shadow-yes elementor-posts__hover-gradient elementor-widget elementor-widget-posts\" data-id=\"e468ad4\" data-element_type=\"widget\" data-e-type=\"widget\" data-settings=\"{&quot;cards_columns&quot;:&quot;3&quot;,&quot;cards_columns_tablet&quot;:&quot;2&quot;,&quot;cards_columns_mobile&quot;:&quot;1&quot;,&quot;cards_row_gap&quot;:{&quot;unit&quot;:&quot;px&quot;,&quot;size&quot;:35,&quot;sizes&quot;:[]},&quot;cards_row_gap_tablet&quot;:{&quot;unit&quot;:&quot;px&quot;,&quot;size&quot;:&quot;&quot;,&quot;sizes&quot;:[]},&quot;cards_row_gap_mobile&quot;:{&quot;unit&quot;:&quot;px&quot;,&quot;size&quot;:&quot;&quot;,&quot;sizes&quot;:[]}}\" data-widget_type=\"posts.cards\">\n\t\t\t\t<div class=\"elementor-widget-container\">\n\t\t\t\t\t\t\t<div class=\"elementor-posts-container elementor-posts elementor-posts--skin-cards elementor-grid\" role=\"list\">\n\t\t\t\t<article class=\"elementor-post elementor-grid-item post-2177 post type-post status-publish format-standard has-post-thumbnail hentry category-news-de\" role=\"listitem\">\n\t\t\t<div class=\"elementor-post__card\">\n\t\t\t\t<a class=\"elementor-post__thumbnail__link\" href=\"https:\/\/www.proges.com\/de\/zertifizierung-iso-27001-cybersicherheit\/\" tabindex=\"-1\" ><div class=\"elementor-post__thumbnail\"><img fetchpriority=\"high\" decoding=\"async\" width=\"300\" height=\"279\" src=\"https:\/\/www.proges.com\/wp-content\/uploads\/2025\/11\/Logo-certification-ISO-27001-300x279.png\" class=\"attachment-medium size-medium wp-image-2168\" alt=\"ISO-27001-Zertifizierungslogo\" srcset=\"https:\/\/www.proges.com\/wp-content\/uploads\/2025\/11\/Logo-certification-ISO-27001-300x279.png 300w, https:\/\/www.proges.com\/wp-content\/uploads\/2025\/11\/Logo-certification-ISO-27001.png 693w\" sizes=\"(max-width: 300px) 100vw, 300px\" \/><\/div><\/a>\n\t\t\t\t<div class=\"elementor-post__badge\">News<\/div>\n\t\t\t\t<div class=\"elementor-post__text\">\n\t\t\t\t<h3 class=\"elementor-post__title\">\n\t\t\t<a href=\"https:\/\/www.proges.com\/de\/zertifizierung-iso-27001-cybersicherheit\/\" >\n\t\t\t\tISO 27001-Zertifizierung : Proges Plus st\u00e4rkt die Sicherheit und Zuverl\u00e4ssigkeit seiner Dienstleistungen\t\t\t<\/a>\n\t\t<\/h3>\n\t\t\t\t<div class=\"elementor-post__excerpt\">\n\t\t\t<p>Denn die Sicherheit Ihrer Daten ist f\u00fcr Ihr Unternehmen entscheidend Unternehmen (Kleinstunternehmen, KMU, mittelst\u00e4ndische Unternehmen)<\/p>\n\t\t<\/div>\n\t\t\n\t\t<a class=\"elementor-post__read-more\" href=\"https:\/\/www.proges.com\/de\/zertifizierung-iso-27001-cybersicherheit\/\" aria-label=\"Mehr \u00fcber ISO 27001-Zertifizierung : Proges Plus st\u00e4rkt die Sicherheit und Zuverl\u00e4ssigkeit seiner Dienstleistungen\" tabindex=\"-1\" >\n\t\t\tLire l'article \u00bb\t\t<\/a>\n\n\t\t\t\t<\/div>\n\t\t\t\t<div class=\"elementor-post__meta-data\">\n\t\t\t\t\t<span class=\"elementor-post-date\">\n\t\t\t24. November 2025\t\t<\/span>\n\t\t\t\t<\/div>\n\t\t\t\t\t<\/div>\n\t\t<\/article>\n\t\t\t\t<article class=\"elementor-post elementor-grid-item post-1973 post type-post status-publish format-standard has-post-thumbnail hentry category-news-de\" role=\"listitem\">\n\t\t\t<div class=\"elementor-post__card\">\n\t\t\t\t<a class=\"elementor-post__thumbnail__link\" href=\"https:\/\/www.proges.com\/de\/beste-wuensche-2024\/\" tabindex=\"-1\" ><div class=\"elementor-post__thumbnail\"><img decoding=\"async\" width=\"300\" height=\"300\" src=\"https:\/\/www.proges.com\/wp-content\/uploads\/2023\/12\/Voeux-2024-Proges-Plus-300x300.png\" class=\"attachment-medium size-medium wp-image-1959\" alt=\"V\u0153ux 2024 Proges Plus\" srcset=\"https:\/\/www.proges.com\/wp-content\/uploads\/2023\/12\/Voeux-2024-Proges-Plus-300x300.png 300w, https:\/\/www.proges.com\/wp-content\/uploads\/2023\/12\/Voeux-2024-Proges-Plus-150x150.png 150w, https:\/\/www.proges.com\/wp-content\/uploads\/2023\/12\/Voeux-2024-Proges-Plus-768x768.png 768w, https:\/\/www.proges.com\/wp-content\/uploads\/2023\/12\/Voeux-2024-Proges-Plus.png 827w\" sizes=\"(max-width: 300px) 100vw, 300px\" \/><\/div><\/a>\n\t\t\t\t<div class=\"elementor-post__badge\">News<\/div>\n\t\t\t\t<div class=\"elementor-post__text\">\n\t\t\t\t<h3 class=\"elementor-post__title\">\n\t\t\t<a href=\"https:\/\/www.proges.com\/de\/beste-wuensche-2024\/\" >\n\t\t\t\tBeste W\u00fcnsche 2024\t\t\t<\/a>\n\t\t<\/h3>\n\t\t\t\t<div class=\"elementor-post__excerpt\">\n\t\t\t<p>Das gesamte Team von Proges Plus w\u00fcnscht Ihnen alles Gute f\u00fcr das neue Jahr 2024,<\/p>\n\t\t<\/div>\n\t\t\n\t\t<a class=\"elementor-post__read-more\" href=\"https:\/\/www.proges.com\/de\/beste-wuensche-2024\/\" aria-label=\"Mehr \u00fcber Beste W\u00fcnsche 2024\" tabindex=\"-1\" >\n\t\t\tLire l'article \u00bb\t\t<\/a>\n\n\t\t\t\t<\/div>\n\t\t\t\t<div class=\"elementor-post__meta-data\">\n\t\t\t\t\t<span class=\"elementor-post-date\">\n\t\t\t22. Dezember 2023\t\t<\/span>\n\t\t\t\t<\/div>\n\t\t\t\t\t<\/div>\n\t\t<\/article>\n\t\t\t\t<article class=\"elementor-post elementor-grid-item post-1869 post type-post status-publish format-standard has-post-thumbnail hentry category-news-de\" role=\"listitem\">\n\t\t\t<div class=\"elementor-post__card\">\n\t\t\t\t<a class=\"elementor-post__thumbnail__link\" href=\"https:\/\/www.proges.com\/de\/clubster-nsl-proges-plus-wird-mitglied-des-clusters-nutrition-sante-longevite-ernaehrung-gesundheit-langlebigkeit\/\" tabindex=\"-1\" ><div class=\"elementor-post__thumbnail\"><img decoding=\"async\" width=\"300\" height=\"218\" src=\"https:\/\/www.proges.com\/wp-content\/uploads\/2022\/05\/Clubster-NSL-300x218.png\" class=\"attachment-medium size-medium wp-image-1855\" alt=\"Logo Clubster NSL\" srcset=\"https:\/\/www.proges.com\/wp-content\/uploads\/2022\/05\/Clubster-NSL-300x218.png 300w, https:\/\/www.proges.com\/wp-content\/uploads\/2022\/05\/Clubster-NSL-1200x873.png 1200w, https:\/\/www.proges.com\/wp-content\/uploads\/2022\/05\/Clubster-NSL-768x558.png 768w, https:\/\/www.proges.com\/wp-content\/uploads\/2022\/05\/Clubster-NSL-1536x1117.png 1536w, https:\/\/www.proges.com\/wp-content\/uploads\/2022\/05\/Clubster-NSL-2048x1489.png 2048w\" sizes=\"(max-width: 300px) 100vw, 300px\" \/><\/div><\/a>\n\t\t\t\t<div class=\"elementor-post__badge\">News<\/div>\n\t\t\t\t<div class=\"elementor-post__text\">\n\t\t\t\t<h3 class=\"elementor-post__title\">\n\t\t\t<a href=\"https:\/\/www.proges.com\/de\/clubster-nsl-proges-plus-wird-mitglied-des-clusters-nutrition-sante-longevite-ernaehrung-gesundheit-langlebigkeit\/\" >\n\t\t\t\tClubster NSL: Proges Plus wird Mitglied des Clusters Nutrition, Sant\u00e9, Long\u00e9vit\u00e9 (Ern\u00e4hrung, Gesundheit, Langlebigkeit)\t\t\t<\/a>\n\t\t<\/h3>\n\t\t\t\t<div class=\"elementor-post__excerpt\">\n\t\t\t<p>Clubster NSL: Was ist das ? Der Clubster NSL mit Sitz in der Region Hauts-de-France<\/p>\n\t\t<\/div>\n\t\t\n\t\t<a class=\"elementor-post__read-more\" href=\"https:\/\/www.proges.com\/de\/clubster-nsl-proges-plus-wird-mitglied-des-clusters-nutrition-sante-longevite-ernaehrung-gesundheit-langlebigkeit\/\" aria-label=\"Mehr \u00fcber Clubster NSL: Proges Plus wird Mitglied des Clusters Nutrition, Sant\u00e9, Long\u00e9vit\u00e9 (Ern\u00e4hrung, Gesundheit, Langlebigkeit)\" tabindex=\"-1\" >\n\t\t\tLire l'article \u00bb\t\t<\/a>\n\n\t\t\t\t<\/div>\n\t\t\t\t<div class=\"elementor-post__meta-data\">\n\t\t\t\t\t<span class=\"elementor-post-date\">\n\t\t\t10. Mai 2022\t\t<\/span>\n\t\t\t\t<\/div>\n\t\t\t\t\t<\/div>\n\t\t<\/article>\n\t\t\t\t<article class=\"elementor-post elementor-grid-item post-1429 post type-post status-publish format-standard has-post-thumbnail hentry\" role=\"listitem\">\n\t\t\t<div class=\"elementor-post__card\">\n\t\t\t\t<a class=\"elementor-post__thumbnail__link\" href=\"https:\/\/www.proges.com\/de\/proges-plus-bei-der-messe-made-in-hainaut-2019\/\" tabindex=\"-1\" ><div class=\"elementor-post__thumbnail\"><img loading=\"lazy\" decoding=\"async\" width=\"300\" height=\"229\" src=\"https:\/\/www.proges.com\/wp-content\/uploads\/2020\/03\/Salon-Made-In-Hainaut-2019-300x229.jpg\" class=\"attachment-medium size-medium wp-image-527\" alt=\"Salon Made In Hainaut 2019\" srcset=\"https:\/\/www.proges.com\/wp-content\/uploads\/2020\/03\/Salon-Made-In-Hainaut-2019-300x229.jpg 300w, https:\/\/www.proges.com\/wp-content\/uploads\/2020\/03\/Salon-Made-In-Hainaut-2019-1200x914.jpg 1200w, https:\/\/www.proges.com\/wp-content\/uploads\/2020\/03\/Salon-Made-In-Hainaut-2019-768x585.jpg 768w, https:\/\/www.proges.com\/wp-content\/uploads\/2020\/03\/Salon-Made-In-Hainaut-2019-1536x1170.jpg 1536w, https:\/\/www.proges.com\/wp-content\/uploads\/2020\/03\/Salon-Made-In-Hainaut-2019.jpg 1746w\" sizes=\"(max-width: 300px) 100vw, 300px\" \/><\/div><\/a>\n\t\t\t\t<div class=\"elementor-post__text\">\n\t\t\t\t<h3 class=\"elementor-post__title\">\n\t\t\t<a href=\"https:\/\/www.proges.com\/de\/proges-plus-bei-der-messe-made-in-hainaut-2019\/\" >\n\t\t\t\tProges Plus bei der Messe Made in Hainaut 2019\t\t\t<\/a>\n\t\t<\/h3>\n\t\t\t\t<div class=\"elementor-post__excerpt\">\n\t\t\t<p>23. und 24. Mai 2019 in Wallers Wir freuen uns, Sie am 23. und 24.<\/p>\n\t\t<\/div>\n\t\t\n\t\t<a class=\"elementor-post__read-more\" href=\"https:\/\/www.proges.com\/de\/proges-plus-bei-der-messe-made-in-hainaut-2019\/\" aria-label=\"Mehr \u00fcber Proges Plus bei der Messe Made in Hainaut 2019\" tabindex=\"-1\" >\n\t\t\tLire l'article \u00bb\t\t<\/a>\n\n\t\t\t\t<\/div>\n\t\t\t\t<div class=\"elementor-post__meta-data\">\n\t\t\t\t\t<span class=\"elementor-post-date\">\n\t\t\t28. September 2020\t\t<\/span>\n\t\t\t\t<\/div>\n\t\t\t\t\t<\/div>\n\t\t<\/article>\n\t\t\t\t<article class=\"elementor-post elementor-grid-item post-1424 post type-post status-publish format-standard has-post-thumbnail hentry category-news-de\" role=\"listitem\">\n\t\t\t<div class=\"elementor-post__card\">\n\t\t\t\t<a class=\"elementor-post__thumbnail__link\" href=\"https:\/\/www.proges.com\/de\/unsere-brandneue-website-ist-online\/\" tabindex=\"-1\" ><div class=\"elementor-post__thumbnail\"><img loading=\"lazy\" decoding=\"async\" width=\"300\" height=\"200\" src=\"https:\/\/www.proges.com\/wp-content\/uploads\/2020\/08\/Refonte-site-web-Proges-Plus-300x200.jpg\" class=\"attachment-medium size-medium wp-image-1427\" alt=\"\" srcset=\"https:\/\/www.proges.com\/wp-content\/uploads\/2020\/08\/Refonte-site-web-Proges-Plus-300x200.jpg 300w, https:\/\/www.proges.com\/wp-content\/uploads\/2020\/08\/Refonte-site-web-Proges-Plus.jpg 680w\" sizes=\"(max-width: 300px) 100vw, 300px\" \/><\/div><\/a>\n\t\t\t\t<div class=\"elementor-post__badge\">News<\/div>\n\t\t\t\t<div class=\"elementor-post__text\">\n\t\t\t\t<h3 class=\"elementor-post__title\">\n\t\t\t<a href=\"https:\/\/www.proges.com\/de\/unsere-brandneue-website-ist-online\/\" >\n\t\t\t\tUnsere brandneue Website ist online!\t\t\t<\/a>\n\t\t<\/h3>\n\t\t\t\t<div class=\"elementor-post__excerpt\">\n\t\t\t<p>Wir haben unseren gesamten Inhalt sowie die allgemeine Ergonomie unserer Website \u00fcberarbeitet, damit Sie alle<\/p>\n\t\t<\/div>\n\t\t\n\t\t<a class=\"elementor-post__read-more\" href=\"https:\/\/www.proges.com\/de\/unsere-brandneue-website-ist-online\/\" aria-label=\"Mehr \u00fcber Unsere brandneue Website ist online!\" tabindex=\"-1\" >\n\t\t\tLire l'article \u00bb\t\t<\/a>\n\n\t\t\t\t<\/div>\n\t\t\t\t<div class=\"elementor-post__meta-data\">\n\t\t\t\t\t<span class=\"elementor-post-date\">\n\t\t\t28. September 2020\t\t<\/span>\n\t\t\t\t<\/div>\n\t\t\t\t\t<\/div>\n\t\t<\/article>\n\t\t\t\t<article class=\"elementor-post elementor-grid-item post-1418 post type-post status-publish format-standard has-post-thumbnail hentry category-news-de\" role=\"listitem\">\n\t\t\t<div class=\"elementor-post__card\">\n\t\t\t\t<a class=\"elementor-post__thumbnail__link\" href=\"https:\/\/www.proges.com\/de\/ip-telefonie-kommt-zu-proges-plus\/\" tabindex=\"-1\" ><div class=\"elementor-post__thumbnail\"><img loading=\"lazy\" decoding=\"async\" width=\"300\" height=\"200\" src=\"https:\/\/www.proges.com\/wp-content\/uploads\/2020\/08\/Proges-Plus-\u00e9volue-t\u00e9l\u00e9phonie-sur-IP-300x200.jpg\" class=\"attachment-medium size-medium wp-image-1420\" alt=\"\" srcset=\"https:\/\/www.proges.com\/wp-content\/uploads\/2020\/08\/Proges-Plus-\u00e9volue-t\u00e9l\u00e9phonie-sur-IP-300x200.jpg 300w, https:\/\/www.proges.com\/wp-content\/uploads\/2020\/08\/Proges-Plus-\u00e9volue-t\u00e9l\u00e9phonie-sur-IP.jpg 680w\" sizes=\"(max-width: 300px) 100vw, 300px\" \/><\/div><\/a>\n\t\t\t\t<div class=\"elementor-post__badge\">News<\/div>\n\t\t\t\t<div class=\"elementor-post__text\">\n\t\t\t\t<h3 class=\"elementor-post__title\">\n\t\t\t<a href=\"https:\/\/www.proges.com\/de\/ip-telefonie-kommt-zu-proges-plus\/\" >\n\t\t\t\tIP-Telefonie kommt zu Proges Plus!\t\t\t<\/a>\n\t\t<\/h3>\n\t\t\t\t<div class=\"elementor-post__excerpt\">\n\t\t\t<p>Aufgrund der Umstellung unserer Agentur in Lille auf IP-Telefonie wird unsere Telefonzentrale in Lille am<\/p>\n\t\t<\/div>\n\t\t\n\t\t<a class=\"elementor-post__read-more\" href=\"https:\/\/www.proges.com\/de\/ip-telefonie-kommt-zu-proges-plus\/\" aria-label=\"Mehr \u00fcber IP-Telefonie kommt zu Proges Plus!\" tabindex=\"-1\" >\n\t\t\tLire l'article \u00bb\t\t<\/a>\n\n\t\t\t\t<\/div>\n\t\t\t\t<div class=\"elementor-post__meta-data\">\n\t\t\t\t\t<span class=\"elementor-post-date\">\n\t\t\t28. September 2020\t\t<\/span>\n\t\t\t\t<\/div>\n\t\t\t\t\t<\/div>\n\t\t<\/article>\n\t\t\t\t<\/div>\n\t\t\n\t\t\t\t\t\t<\/div>\n\t\t\t\t<\/div>\n\t\t\t\t\t<\/div>\n\t\t\t\t<\/div>\n\t\t\t\t<\/div>\n\t\t","protected":false},"excerpt":{"rendered":"<p>Denn die Sicherheit Ihrer Daten ist f\u00fcr Ihr Unternehmen entscheidend Unternehmen (Kleinstunternehmen, KMU, mittelst\u00e4ndische Unternehmen)&#8230;<\/p>\n","protected":false},"author":7,"featured_media":2168,"comment_status":"open","ping_status":"open","sticky":false,"template":"","format":"standard","meta":{"_acf_changed":false,"footnotes":""},"categories":[26],"tags":[],"class_list":["post-2177","post","type-post","status-publish","format-standard","has-post-thumbnail","hentry","category-news-de"],"acf":[],"yoast_head":"<!-- This site is optimized with the Yoast SEO Premium plugin v15.0 - https:\/\/yoast.com\/wordpress\/plugins\/seo\/ -->\n<title>ISO-27001-Zertifizierung : Proges Plus st\u00e4rkt die Sicherheit seiner Services<\/title>\n<meta name=\"description\" content=\"Proges Plus erh\u00e4lt die ISO-27001-Zertifizierung und gew\u00e4hrleistet eine sichere Umgebung f\u00fcr seine ERP-, HR-, Umweltmonitoring- und IT-Services.\" \/>\n<meta name=\"robots\" content=\"index, follow, max-snippet:-1, max-image-preview:large, max-video-preview:-1\" \/>\n<link rel=\"canonical\" href=\"https:\/\/www.proges.com\/de\/zertifizierung-iso-27001-cybersicherheit\/\" \/>\n<meta property=\"og:locale\" content=\"de_DE\" \/>\n<meta property=\"og:type\" content=\"article\" \/>\n<meta property=\"og:title\" content=\"ISO-27001-Zertifizierung : Proges Plus st\u00e4rkt die Sicherheit seiner Services\" \/>\n<meta property=\"og:description\" content=\"Proges Plus erh\u00e4lt die ISO-27001-Zertifizierung und gew\u00e4hrleistet eine sichere Umgebung f\u00fcr seine ERP-, HR-, Umweltmonitoring- und IT-Services.\" \/>\n<meta property=\"og:url\" content=\"https:\/\/www.proges.com\/de\/zertifizierung-iso-27001-cybersicherheit\/\" \/>\n<meta property=\"og:site_name\" content=\"Proges Plus\" \/>\n<meta property=\"article:published_time\" content=\"2025-11-24T14:34:56+00:00\" \/>\n<meta property=\"article:modified_time\" content=\"2025-11-24T14:42:29+00:00\" \/>\n<meta property=\"og:image\" content=\"https:\/\/www.proges.com\/wp-content\/uploads\/2025\/11\/Logo-certification-ISO-27001.png\" \/>\n\t<meta property=\"og:image:width\" content=\"693\" \/>\n\t<meta property=\"og:image:height\" content=\"644\" \/>\n<meta name=\"twitter:card\" content=\"summary_large_image\" \/>\n<script type=\"application\/ld+json\" class=\"yoast-schema-graph\">{\"@context\":\"https:\/\/schema.org\",\"@graph\":[{\"@type\":\"WebSite\",\"@id\":\"https:\/\/www.proges.com\/de\/#website\",\"url\":\"https:\/\/www.proges.com\/de\/\",\"name\":\"Proges Plus\",\"description\":\"Editeur de logiciels, Services informatiques. Surveillance de Temp\\u00e9rature. Lille, Lyon, Nantes, Montr\\u00e9al\",\"potentialAction\":[{\"@type\":\"SearchAction\",\"target\":\"https:\/\/www.proges.com\/de\/?s={search_term_string}\",\"query-input\":\"required name=search_term_string\"}],\"inLanguage\":\"de-DE\"},{\"@type\":\"ImageObject\",\"@id\":\"https:\/\/www.proges.com\/de\/zertifizierung-iso-27001-cybersicherheit\/#primaryimage\",\"inLanguage\":\"de-DE\",\"url\":\"https:\/\/www.proges.com\/wp-content\/uploads\/2025\/11\/Logo-certification-ISO-27001.png\",\"width\":693,\"height\":644,\"caption\":\"ISO-27001-Zertifizierungslogo\"},{\"@type\":\"WebPage\",\"@id\":\"https:\/\/www.proges.com\/de\/zertifizierung-iso-27001-cybersicherheit\/#webpage\",\"url\":\"https:\/\/www.proges.com\/de\/zertifizierung-iso-27001-cybersicherheit\/\",\"name\":\"ISO-27001-Zertifizierung : Proges Plus st\\u00e4rkt die Sicherheit seiner Services\",\"isPartOf\":{\"@id\":\"https:\/\/www.proges.com\/de\/#website\"},\"primaryImageOfPage\":{\"@id\":\"https:\/\/www.proges.com\/de\/zertifizierung-iso-27001-cybersicherheit\/#primaryimage\"},\"datePublished\":\"2025-11-24T14:34:56+00:00\",\"dateModified\":\"2025-11-24T14:42:29+00:00\",\"author\":{\"@id\":\"https:\/\/www.proges.com\/de\/#\/schema\/person\/cdac7ef5cefd9f87191aadc903eefca8\"},\"description\":\"Proges Plus erh\\u00e4lt die ISO-27001-Zertifizierung und gew\\u00e4hrleistet eine sichere Umgebung f\\u00fcr seine ERP-, HR-, Umweltmonitoring- und IT-Services.\",\"breadcrumb\":{\"@id\":\"https:\/\/www.proges.com\/de\/zertifizierung-iso-27001-cybersicherheit\/#breadcrumb\"},\"inLanguage\":\"de-DE\",\"potentialAction\":[{\"@type\":\"ReadAction\",\"target\":[\"https:\/\/www.proges.com\/de\/zertifizierung-iso-27001-cybersicherheit\/\"]}]},{\"@type\":\"BreadcrumbList\",\"@id\":\"https:\/\/www.proges.com\/de\/zertifizierung-iso-27001-cybersicherheit\/#breadcrumb\",\"itemListElement\":[{\"@type\":\"ListItem\",\"position\":1,\"item\":{\"@type\":\"WebPage\",\"@id\":\"https:\/\/www.proges.com\/de\/\",\"url\":\"https:\/\/www.proges.com\/de\/\",\"name\":\"Startseite\"}}]},{\"@type\":\"Person\",\"@id\":\"https:\/\/www.proges.com\/de\/#\/schema\/person\/cdac7ef5cefd9f87191aadc903eefca8\",\"name\":\"tqueva\",\"image\":{\"@type\":\"ImageObject\",\"@id\":\"https:\/\/www.proges.com\/de\/#personlogo\",\"inLanguage\":\"de-DE\",\"url\":\"https:\/\/secure.gravatar.com\/avatar\/026264ffbd40926ea429dd415307309029b259060230d55f77e73252badec96a?s=96&d=mm&r=g\",\"caption\":\"tqueva\"}}]}<\/script>\n<!-- \/ Yoast SEO Premium plugin. -->","_links":{"self":[{"href":"https:\/\/www.proges.com\/de\/wp-json\/wp\/v2\/posts\/2177","targetHints":{"allow":["GET"]}}],"collection":[{"href":"https:\/\/www.proges.com\/de\/wp-json\/wp\/v2\/posts"}],"about":[{"href":"https:\/\/www.proges.com\/de\/wp-json\/wp\/v2\/types\/post"}],"author":[{"embeddable":true,"href":"https:\/\/www.proges.com\/de\/wp-json\/wp\/v2\/users\/7"}],"replies":[{"embeddable":true,"href":"https:\/\/www.proges.com\/de\/wp-json\/wp\/v2\/comments?post=2177"}],"version-history":[{"count":0,"href":"https:\/\/www.proges.com\/de\/wp-json\/wp\/v2\/posts\/2177\/revisions"}],"wp:featuredmedia":[{"embeddable":true,"href":"https:\/\/www.proges.com\/de\/wp-json\/wp\/v2\/media\/2168"}],"wp:attachment":[{"href":"https:\/\/www.proges.com\/de\/wp-json\/wp\/v2\/media?parent=2177"}],"wp:term":[{"taxonomy":"category","embeddable":true,"href":"https:\/\/www.proges.com\/de\/wp-json\/wp\/v2\/categories?post=2177"},{"taxonomy":"post_tag","embeddable":true,"href":"https:\/\/www.proges.com\/de\/wp-json\/wp\/v2\/tags?post=2177"}],"curies":[{"name":"wp","href":"https:\/\/api.w.org\/{rel}","templated":true}]}}